{"id":11206,"date":"2022-06-21T16:07:15","date_gmt":"2022-06-21T19:07:15","guid":{"rendered":"https:\/\/contabilidadecaxias.com.br\/index.php\/2022\/06\/21\/conteudos-especializados-em-audio-e-video-ampliam-acesso-a-informacao-sobre-a-justica-do-trabalho\/"},"modified":"2022-06-21T16:07:15","modified_gmt":"2022-06-21T19:07:15","slug":"conteudos-especializados-em-audio-e-video-ampliam-acesso-a-informacao-sobre-a-justica-do-trabalho","status":"publish","type":"post","link":"https:\/\/contabilidadecaxias.com.br\/index.php\/2022\/06\/21\/conteudos-especializados-em-audio-e-video-ampliam-acesso-a-informacao-sobre-a-justica-do-trabalho\/","title":{"rendered":"Conte\u00fados especializados em \u00e1udio e v\u00eddeo ampliam acesso \u00e0 informa\u00e7\u00e3o sobre a Justi\u00e7a do Trabalho"},"content":{"rendered":"<div class=\"noticia-wrapper\">\n<p><em><\/p>\n<p>Produ\u00e7\u00f5es da R\u00e1dio e TV TST abordam decis\u00f5es judiciais e seus impactos, tratando de temas relevantes sobre rela\u00e7\u00f5es de trabalho<\/p>\n<p><\/em><\/p>\n<div class=\"social-media-share mobile\">\n        <a class=\"share-facebook\" href=\"https:\/\/www.facebook.com\/sharer.php?u=https:\/\/www.tst.jus.br\/-\/conte%C3%BAdos-especializados-em-%C3%A1udio-e-v%C3%ADdeo-ampliam-acesso-%C3%A0-informa%C3%A7%C3%A3o-sobre-a-justi%C3%A7a-do-trabalho\" target=\"_blank\" rel=\"noopener\"><\/a><br \/>\n        <a class=\"share-twitter\" href=\"https:\/\/twitter.com\/intent\/tweet?text=Conte%C3%BAdos%20especializados%20em%20%C3%A1udio%20e%20v%C3%ADdeo%20ampliam%20acesso%20%C3%A0%20informa%C3%A7%C3%A3o%20sobre%20a%20Justi%C3%A7a%20do%20Trabalho%0AVeja%20mais%20em:&amp;url=https:\/\/www.tst.jus.br\/-\/conte%C3%BAdos-especializados-em-%C3%A1udio-e-v%C3%ADdeo-ampliam-acesso-%C3%A0-informa%C3%A7%C3%A3o-sobre-a-justi%C3%A7a-do-trabalho\" target=\"_blank\" rel=\"noopener\"><\/a><br \/>\n        <a class=\"share-linkedin\" href=\"https:\/\/www.linkedin.com\/shareArticle?mini=true&amp;url=https:\/\/www.tst.jus.br\/-\/conte%C3%BAdos-especializados-em-%C3%A1udio-e-v%C3%ADdeo-ampliam-acesso-%C3%A0-informa%C3%A7%C3%A3o-sobre-a-justi%C3%A7a-do-trabalho&amp;title=Conte%C3%BAdos%20especializados%20em%20%C3%A1udio%20e%20v%C3%ADdeo%20ampliam%20acesso%20%C3%A0%20informa%C3%A7%C3%A3o%20sobre%20a%20Justi%C3%A7a%20do%20Trabalho\" target=\"_blank\" rel=\"noopener\"><\/a><br \/>\n        <a class=\"share-whatsapp\" href=\"https:\/\/web.whatsapp.com\/send?text=https:\/\/www.tst.jus.br\/-\/conte%C3%BAdos-especializados-em-%C3%A1udio-e-v%C3%ADdeo-ampliam-acesso-%C3%A0-informa%C3%A7%C3%A3o-sobre-a-justi%C3%A7a-do-trabalho\" target=\"_blank\" rel=\"noopener\"><\/a><br \/>\n        <a class=\"share-googleplus\" href=\"https:\/\/plus.google.com\/share?url=https:\/\/www.tst.jus.br\/-\/conte%C3%BAdos-especializados-em-%C3%A1udio-e-v%C3%ADdeo-ampliam-acesso-%C3%A0-informa%C3%A7%C3%A3o-sobre-a-justi%C3%A7a-do-trabalho\" target=\"_blank\" rel=\"noopener\"><\/a>\n    <\/div>\n<div class=\"news-body\">\n<div class=\"imagem-da-noticia\">\n<p>Imagem de uma ilha de edi\u00e7\u00e3o de TV<\/p>\n<div class=\"social-media-share\">\n                    <a class=\"share-facebook\" href=\"https:\/\/www.facebook.com\/sharer.php?u=https:\/\/www.tst.jus.br\/-\/conte%C3%BAdos-especializados-em-%C3%A1udio-e-v%C3%ADdeo-ampliam-acesso-%C3%A0-informa%C3%A7%C3%A3o-sobre-a-justi%C3%A7a-do-trabalho\" target=\"_blank\" rel=\"noopener\"><\/a><br \/>\n                    <a class=\"share-twitter\" href=\"https:\/\/twitter.com\/intent\/tweet?text=Conte%C3%BAdos%20especializados%20em%20%C3%A1udio%20e%20v%C3%ADdeo%20ampliam%20acesso%20%C3%A0%20informa%C3%A7%C3%A3o%20sobre%20a%20Justi%C3%A7a%20do%20Trabalho%0AVeja%20mais%20em:&amp;url=https:\/\/www.tst.jus.br\/-\/conte%C3%BAdos-especializados-em-%C3%A1udio-e-v%C3%ADdeo-ampliam-acesso-%C3%A0-informa%C3%A7%C3%A3o-sobre-a-justi%C3%A7a-do-trabalho\" target=\"_blank\" rel=\"noopener\"><\/a><br \/>\n                    <a class=\"share-linkedin\" href=\"https:\/\/www.linkedin.com\/shareArticle?mini=true&amp;url=https:\/\/www.tst.jus.br\/-\/conte%C3%BAdos-especializados-em-%C3%A1udio-e-v%C3%ADdeo-ampliam-acesso-%C3%A0-informa%C3%A7%C3%A3o-sobre-a-justi%C3%A7a-do-trabalho&amp;title=Conte%C3%BAdos%20especializados%20em%20%C3%A1udio%20e%20v%C3%ADdeo%20ampliam%20acesso%20%C3%A0%20informa%C3%A7%C3%A3o%20sobre%20a%20Justi%C3%A7a%20do%20Trabalho\" target=\"_blank\" rel=\"noopener\"><\/a><br \/>\n                    <a class=\"share-whatsapp\" href=\"https:\/\/web.whatsapp.com\/send?text=https:\/\/www.tst.jus.br\/-\/conte%C3%BAdos-especializados-em-%C3%A1udio-e-v%C3%ADdeo-ampliam-acesso-%C3%A0-informa%C3%A7%C3%A3o-sobre-a-justi%C3%A7a-do-trabalho\" target=\"_blank\" rel=\"noopener\"><\/a><br \/>\n                    <a class=\"share-googleplus\" href=\"https:\/\/plus.google.com\/share?url=https:\/\/www.tst.jus.br\/-\/conte%C3%BAdos-especializados-em-%C3%A1udio-e-v%C3%ADdeo-ampliam-acesso-%C3%A0-informa%C3%A7%C3%A3o-sobre-a-justi%C3%A7a-do-trabalho\" target=\"_blank\" rel=\"noopener\"><\/a>\n                <\/div>\n<\/p><\/div>\n<div class=\"materia\">\n<p>21-06-22 &#8211; H\u00e1 mais de dez anos, o Tribunal Superior do Trabalho (TST) conta com estruturas e equipes de profissionais que s\u00e3o refer\u00eancia na produ\u00e7\u00e3o de conte\u00fado especializado em \u00e1udio e v\u00eddeo sobre a Justi\u00e7a do Trabalho. A TV e a R\u00e1dio TST surgiram em tempos de amplia\u00e7\u00e3o das compet\u00eancias constitucionais da Justi\u00e7a do Trabalho e, por consequ\u00eancia, de uma necessidade cada vez maior de aprimoramento da comunica\u00e7\u00e3o com a sociedade.\u00a0<\/p>\n<p>Desde ent\u00e3o, a TV e R\u00e1dio TST sempre atuaram com foco na informa\u00e7\u00e3o, para tornar ainda mais vis\u00edveis os atos da Justi\u00e7a do Trabalho. S\u00e3o centenas de programas, v\u00eddeos, transmiss\u00f5es ao vivo, boletins e podcasts. Na pauta, est\u00e3o decis\u00f5es tomadas no \u00e2mbito do Tribunal Superior do Trabalho e suas repercuss\u00f5es sobre a vida dos brasileiros e o Direito Trabalhista; fatos que se destacam nos \u00f3rg\u00e3os da Justi\u00e7a do Trabalho; e temas atuais e relevantes sobre as rela\u00e7\u00f5es de trabalho, muitas vezes com uma pitada de entretenimento.\u00a0<\/p>\n<p>Mesmo utilizando uma linguagem que facilita a compreens\u00e3o pelos mais diversos p\u00fablicos, o conte\u00fado \u00e9 desenvolvido sem que se abra m\u00e3o do rigor t\u00e9cnico e preciso do universo jur\u00eddico. Assim permite-se a sua assimila\u00e7\u00e3o, o que democratiza o acesso \u00e0 informa\u00e7\u00e3o, possibilita a conscientiza\u00e7\u00e3o de empregados e empregadores e amplia ainda mais a transpar\u00eancia sobre a atua\u00e7\u00e3o da Justi\u00e7a do Trabalho.\u00a0<\/p>\n<p>As produ\u00e7\u00f5es s\u00e3o veiculadas pela R\u00e1dio e TV Justi\u00e7a, mantida pelo Supremo Tribunal Federal (STF). As produ\u00e7\u00f5es tamb\u00e9m est\u00e3o dispon\u00edveis em diferentes canais: no site do TST, nas redes sociais (Instagram e Facebook), em plataformas de podcasts e no canal oficial do TST no YouTube.<\/p>\n<p>LINKS:\u00a0<\/p>\n<p><a href=\"https:\/\/www.youtube.com\/user\/tst\/videos?app=desktop\">https:\/\/youtube.com\/tst\/<\/a><\/p>\n<p><a href=\"https:\/\/www.instagram.com\/tstjus\/?hl=pt\">https:\/\/www.instagram.com\/tstjus<\/a><\/p>\n<p><a href=\"https:\/\/pt-br.facebook.com\/TSTJus\">https:\/\/pt-br.facebook.com\/TSTJus<\/a><\/p>\n<p>Conhe\u00e7a as principais produ\u00e7\u00f5es da TV TST<\/p>\n<p>Programa Revista TST: o programa semanal apresenta os principais julgamentos do TST, projetos e eventos realizados na Corte. Assista na TV Justi\u00e7a \u00e0s 19h30 de sextas-feiras ou no canal oficial do TST no YouTube.<\/p>\n<p><a href=\"https:\/\/www.youtube.com\/playlist?list=PLSAyE9HVlBfK2iiF6sDUB9bYSlhK4juR1\">https:\/\/www.youtube.com\/playlist?list=PLSAyE9HVlBfK2iiF6sDUB9bYSlhK4juR1 <\/a><\/p>\n<p>Programa Jornada: disponibilizado em temporadas, o programa apresenta temas relacionados ao universo trabalhista de forma mais aprofundada.\u00a0<\/p>\n<p>Assista \u00e0 1\u00aa temporada aqui<\/p>\n<p><a href=\"https:\/\/www.youtube.com\/playlist?list=PLSAyE9HVlBfJyLZOTrf9728mzZsjHv4Yt\">https:\/\/www.youtube.com\/playlist?list=PLSAyE9HVlBfJyLZOTrf9728mzZsjHv4Yt<\/a><\/p>\n<p>Assista \u00e0 2\u00aa temporada aqui<\/p>\n<p><a href=\"https:\/\/www.youtube.com\/watch?v=-NxLY_20IjY&amp;list=PLSAyE9HVlBfIXw4r6noQTy4HdrTKdtg5V\">https:\/\/www.youtube.com\/watch?v=-NxLY_20IjY&amp;list=PLSAyE9HVlBfIXw4r6noQTy4HdrTKdtg5V<\/a><\/p>\n<p>Reportagens para o Jornal da Justi\u00e7a: as reportagens produzidas pela TV TST s\u00e3o veiculadas no Jornal da Justi\u00e7a, exibido de segunda a sexta-feira, em diferentes hor\u00e1rios. Elas tamb\u00e9m s\u00e3o disponibilizadas no YouTube, aqui.<\/p>\n<p><a href=\"https:\/\/www.youtube.com\/playlist?list=PLSAyE9HVlBfIvAxXzwX-8tiuxIMYAnnAp\">https:\/\/www.youtube.com\/playlist?list=PLSAyE9HVlBfIvAxXzwX-8tiuxIMYAnnAp <\/a>\u00a0\u00a0<\/p>\n<p>TST+ &#8211; traz um resumo semanal das principais atividades institucionais do TST. \u00c9 destinado \u00e0s redes sociais.\u00a0<\/p>\n<p>Transmiss\u00f5es ao vivo: sess\u00f5es de julgamento, audi\u00eancias p\u00fablicas e diferentes eventos institucionais s\u00e3o transmitidos por meio do canal do TST no YouTube.\u00a0<\/p>\n<p>Para promover acessibilidade, as produ\u00e7\u00f5es em v\u00eddeo contam com legendas ou tradu\u00e7\u00e3o em Libras.\u00a0<\/p>\n<p>Conhe\u00e7a as principais produ\u00e7\u00f5es da R\u00e1dio TST<\/p>\n<p>Programa Trabalho e Justi\u00e7a: o programa faz um resumo dos principais julgamentos e eventos do TST e dos TRTs. Tamb\u00e9m apresenta conte\u00fado informativo sobre Direito do Trabalho em quadros especiais. Ele \u00e9 veiculado na R\u00e1dio Justi\u00e7a. Os quadros tamb\u00e9m s\u00e3o disponibilizados no Instagram do TST e na p\u00e1gina da R\u00e1dio TST em <a href=\"https:\/\/www.tst.jus.br\/web\/guest\/noticias\/-\/journal\/rss\/10157\/www.tst.jus.br\">www.tst.jus.br<\/a>.\u00a0<\/p>\n<p>Podcast Trabalho em Pauta \u2013 produ\u00e7\u00e3o especial da R\u00e1dio TST, veiculado em temporadas. O programa recebe ministros e especialistas para debater temas relacionados ao Direito do Trabalho. O podcast est\u00e1 dispon\u00edvel em plataformas como Spotify, Deezer e Apple Podcasts.\u00a0<\/p>\n<p><a href=\"https:\/\/open.spotify.com\/show\/6GSTUh7IAsAqNkeoA2eRuW\">https:\/\/open.spotify.com\/show\/6GSTUh7IAsAqNkeoA2eRuW<\/a><\/p>\n<p><a href=\"https:\/\/open.spotify.com\/show\/6GSTUh7IAsAqNkeoA2eRuW\">https:\/\/www.deezer.com\/br\/show\/1335702<\/a>2\u00a0<\/p>\n<p><a href=\"https:\/\/podcasts.apple.com\/br\/podcast\/trabalho-em-pauta\/id1517240624\">https:\/\/podcasts.apple.com\/br\/podcast\/trabalho-em-pauta\/id1517240624 <\/a><\/p>\n<p>Qualidade e reconhecimento<\/p>\n<p>Todo o conte\u00fado da TV e da R\u00e1dio TST \u00e9 produzido por profissionais especializados, com passagens por diferentes ve\u00edculos de comunica\u00e7\u00e3o, com ampla experi\u00eancia na cobertura do Poder Judici\u00e1rio e, em especial, da Justi\u00e7a do Trabalho.\u00a0<\/p>\n<p>A qualidade das produ\u00e7\u00f5es j\u00e1 rendeu \u00e0 equipe do TST 13 pr\u00eamios nacionais de jornalismo e comunica\u00e7\u00e3o. As conquistas mais recentes foram obtidas no Pr\u00eamio Nacional de Comunica\u00e7\u00e3o e Justi\u00e7a, do F\u00f3rum Nacional de Comunica\u00e7\u00e3o e Justi\u00e7a (Conbrascom), nas categorias M\u00eddia Radiof\u00f4nica (1\u00ba lugar), com o podcast Trabalho em Pauta (2021); Programa de TV (1\u00ba lugar), com o Programa Jornada (2020); e Comunica\u00e7\u00e3o Interna (3\u00ba lugar), com o programa TST em Dia.<\/p>\n<p>Em 2021, a R\u00e1dio e TV TST foram respons\u00e1veis por: 221 produ\u00e7\u00f5es de TV, 475 transmiss\u00f5es ao vivo, 134 produ\u00e7\u00f5es voltadas ao p\u00fablico interno do Tribunal, 68 produ\u00e7\u00f5es para a Escola Nacional da Magistratura (Enamat) e 1.1783 produ\u00e7\u00f5es de r\u00e1dio, entre programas, boletins ao vivo e podcasts.\u00a0<\/p>\n<p>\u00a0(Nat\u00e1lia Pianegonda\/GS\/RT)<\/p>\n<\/div><\/div>\n<\/div>\n","protected":false},"excerpt":{"rendered":"<p>Produ\u00e7\u00f5es da R\u00e1dio e TV TST abordam decis\u00f5es judiciais e seus impactos, tratando de temas relevantes sobre rela\u00e7\u00f5es de trabalho Imagem de uma ilha de edi\u00e7\u00e3o de TV 21-06-22 &#8211; H\u00e1 mais de dez anos, o Tribunal Superior do Trabalho (TST) conta com estruturas e equipes de profissionais que s\u00e3o refer\u00eancia na produ\u00e7\u00e3o de conte\u00fado [&hellip;]<\/p>\n","protected":false},"author":0,"featured_media":11207,"comment_status":"open","ping_status":"","sticky":false,"template":"","format":"standard","meta":{"footnotes":""},"categories":[5],"tags":[],"class_list":["post-11206","post","type-post","status-publish","format-standard","has-post-thumbnail","hentry","category-noticias-educacao-financeira"],"blocksy_meta":{"styles_descriptor":{"styles":{"desktop":"","tablet":"","mobile":""},"google_fonts":[],"version":6}},"yoast_head":"<!-- This site is optimized with the Yoast SEO plugin v27.4 - https:\/\/yoast.com\/product\/yoast-seo-wordpress\/ -->\n<title>Conte\u00fados especializados em \u00e1udio e v\u00eddeo ampliam acesso \u00e0 informa\u00e7\u00e3o sobre a Justi\u00e7a do Trabalho - Contabilidade Caxias<\/title>\n<meta name=\"robots\" content=\"index, follow, max-snippet:-1, max-image-preview:large, max-video-preview:-1\" \/>\n<link rel=\"canonical\" href=\"https:\/\/contabilidadecaxias.com.br\/index.php\/2022\/06\/21\/conteudos-especializados-em-audio-e-video-ampliam-acesso-a-informacao-sobre-a-justica-do-trabalho\/\" \/>\n<meta property=\"og:locale\" content=\"pt_BR\" \/>\n<meta property=\"og:type\" content=\"article\" \/>\n<meta property=\"og:title\" content=\"Conte\u00fados especializados em \u00e1udio e v\u00eddeo ampliam acesso \u00e0 informa\u00e7\u00e3o sobre a Justi\u00e7a do Trabalho - Contabilidade Caxias\" \/>\n<meta property=\"og:description\" content=\"Produ\u00e7\u00f5es da R\u00e1dio e TV TST abordam decis\u00f5es judiciais e seus impactos, tratando de temas relevantes sobre rela\u00e7\u00f5es de trabalho Imagem de uma ilha de edi\u00e7\u00e3o de TV 21-06-22 &#8211; H\u00e1 mais de dez anos, o Tribunal Superior do Trabalho (TST) conta com estruturas e equipes de profissionais que s\u00e3o refer\u00eancia na produ\u00e7\u00e3o de conte\u00fado [&hellip;]\" \/>\n<meta property=\"og:url\" content=\"https:\/\/contabilidadecaxias.com.br\/index.php\/2022\/06\/21\/conteudos-especializados-em-audio-e-video-ampliam-acesso-a-informacao-sobre-a-justica-do-trabalho\/\" \/>\n<meta property=\"og:site_name\" content=\"Contabilidade Caxias\" \/>\n<meta property=\"article:published_time\" content=\"2022-06-21T19:07:15+00:00\" \/>\n<meta name=\"twitter:card\" content=\"summary_large_image\" \/>\n<meta name=\"twitter:label1\" content=\"Est. tempo de leitura\" \/>\n\t<meta name=\"twitter:data1\" content=\"4 minutos\" \/>\n<script type=\"application\/ld+json\" class=\"yoast-schema-graph\">{\"@context\":\"https:\\\/\\\/schema.org\",\"@graph\":[{\"@type\":\"Article\",\"@id\":\"https:\\\/\\\/contabilidadecaxias.com.br\\\/index.php\\\/2022\\\/06\\\/21\\\/conteudos-especializados-em-audio-e-video-ampliam-acesso-a-informacao-sobre-a-justica-do-trabalho\\\/#article\",\"isPartOf\":{\"@id\":\"https:\\\/\\\/contabilidadecaxias.com.br\\\/index.php\\\/2022\\\/06\\\/21\\\/conteudos-especializados-em-audio-e-video-ampliam-acesso-a-informacao-sobre-a-justica-do-trabalho\\\/\"},\"author\":{\"name\":\"\",\"@id\":\"\"},\"headline\":\"Conte\u00fados especializados em \u00e1udio e v\u00eddeo ampliam acesso \u00e0 informa\u00e7\u00e3o sobre a Justi\u00e7a do Trabalho\",\"datePublished\":\"2022-06-21T19:07:15+00:00\",\"mainEntityOfPage\":{\"@id\":\"https:\\\/\\\/contabilidadecaxias.com.br\\\/index.php\\\/2022\\\/06\\\/21\\\/conteudos-especializados-em-audio-e-video-ampliam-acesso-a-informacao-sobre-a-justica-do-trabalho\\\/\"},\"wordCount\":901,\"commentCount\":0,\"image\":{\"@id\":\"https:\\\/\\\/contabilidadecaxias.com.br\\\/index.php\\\/2022\\\/06\\\/21\\\/conteudos-especializados-em-audio-e-video-ampliam-acesso-a-informacao-sobre-a-justica-do-trabalho\\\/#primaryimage\"},\"thumbnailUrl\":\"https:\\\/\\\/contabilidadecaxias.com.br\\\/wp-content\\\/uploads\\\/2022\\\/06\\\/b286d0c7-65ee-b25f-bdb3-fbd86268f4d3-GN7tEL.jpeg\",\"articleSection\":[\"Educa\u00e7\u00e3o Financeira\"],\"inLanguage\":\"pt-BR\",\"potentialAction\":[{\"@type\":\"CommentAction\",\"name\":\"Comment\",\"target\":[\"https:\\\/\\\/contabilidadecaxias.com.br\\\/index.php\\\/2022\\\/06\\\/21\\\/conteudos-especializados-em-audio-e-video-ampliam-acesso-a-informacao-sobre-a-justica-do-trabalho\\\/#respond\"]}]},{\"@type\":\"WebPage\",\"@id\":\"https:\\\/\\\/contabilidadecaxias.com.br\\\/index.php\\\/2022\\\/06\\\/21\\\/conteudos-especializados-em-audio-e-video-ampliam-acesso-a-informacao-sobre-a-justica-do-trabalho\\\/\",\"url\":\"https:\\\/\\\/contabilidadecaxias.com.br\\\/index.php\\\/2022\\\/06\\\/21\\\/conteudos-especializados-em-audio-e-video-ampliam-acesso-a-informacao-sobre-a-justica-do-trabalho\\\/\",\"name\":\"Conte\u00fados especializados em \u00e1udio e v\u00eddeo ampliam acesso \u00e0 informa\u00e7\u00e3o sobre a Justi\u00e7a do Trabalho - Contabilidade Caxias\",\"isPartOf\":{\"@id\":\"https:\\\/\\\/contabilidadecaxias.com.br\\\/#website\"},\"primaryImageOfPage\":{\"@id\":\"https:\\\/\\\/contabilidadecaxias.com.br\\\/index.php\\\/2022\\\/06\\\/21\\\/conteudos-especializados-em-audio-e-video-ampliam-acesso-a-informacao-sobre-a-justica-do-trabalho\\\/#primaryimage\"},\"image\":{\"@id\":\"https:\\\/\\\/contabilidadecaxias.com.br\\\/index.php\\\/2022\\\/06\\\/21\\\/conteudos-especializados-em-audio-e-video-ampliam-acesso-a-informacao-sobre-a-justica-do-trabalho\\\/#primaryimage\"},\"thumbnailUrl\":\"https:\\\/\\\/contabilidadecaxias.com.br\\\/wp-content\\\/uploads\\\/2022\\\/06\\\/b286d0c7-65ee-b25f-bdb3-fbd86268f4d3-GN7tEL.jpeg\",\"datePublished\":\"2022-06-21T19:07:15+00:00\",\"author\":{\"@id\":\"\"},\"breadcrumb\":{\"@id\":\"https:\\\/\\\/contabilidadecaxias.com.br\\\/index.php\\\/2022\\\/06\\\/21\\\/conteudos-especializados-em-audio-e-video-ampliam-acesso-a-informacao-sobre-a-justica-do-trabalho\\\/#breadcrumb\"},\"inLanguage\":\"pt-BR\",\"potentialAction\":[{\"@type\":\"ReadAction\",\"target\":[\"https:\\\/\\\/contabilidadecaxias.com.br\\\/index.php\\\/2022\\\/06\\\/21\\\/conteudos-especializados-em-audio-e-video-ampliam-acesso-a-informacao-sobre-a-justica-do-trabalho\\\/\"]}]},{\"@type\":\"ImageObject\",\"inLanguage\":\"pt-BR\",\"@id\":\"https:\\\/\\\/contabilidadecaxias.com.br\\\/index.php\\\/2022\\\/06\\\/21\\\/conteudos-especializados-em-audio-e-video-ampliam-acesso-a-informacao-sobre-a-justica-do-trabalho\\\/#primaryimage\",\"url\":\"https:\\\/\\\/contabilidadecaxias.com.br\\\/wp-content\\\/uploads\\\/2022\\\/06\\\/b286d0c7-65ee-b25f-bdb3-fbd86268f4d3-GN7tEL.jpeg\",\"contentUrl\":\"https:\\\/\\\/contabilidadecaxias.com.br\\\/wp-content\\\/uploads\\\/2022\\\/06\\\/b286d0c7-65ee-b25f-bdb3-fbd86268f4d3-GN7tEL.jpeg\",\"width\":2119,\"height\":1414},{\"@type\":\"BreadcrumbList\",\"@id\":\"https:\\\/\\\/contabilidadecaxias.com.br\\\/index.php\\\/2022\\\/06\\\/21\\\/conteudos-especializados-em-audio-e-video-ampliam-acesso-a-informacao-sobre-a-justica-do-trabalho\\\/#breadcrumb\",\"itemListElement\":[{\"@type\":\"ListItem\",\"position\":1,\"name\":\"In\u00edcio\",\"item\":\"https:\\\/\\\/contabilidadecaxias.com.br\\\/\"},{\"@type\":\"ListItem\",\"position\":2,\"name\":\"Conte\u00fados especializados em \u00e1udio e v\u00eddeo ampliam acesso \u00e0 informa\u00e7\u00e3o sobre a Justi\u00e7a do Trabalho\"}]},{\"@type\":\"WebSite\",\"@id\":\"https:\\\/\\\/contabilidadecaxias.com.br\\\/#website\",\"url\":\"https:\\\/\\\/contabilidadecaxias.com.br\\\/\",\"name\":\"Contabilidade Caxias\",\"description\":\"Site especializado em Contabilidade para Caxias.\",\"potentialAction\":[{\"@type\":\"SearchAction\",\"target\":{\"@type\":\"EntryPoint\",\"urlTemplate\":\"https:\\\/\\\/contabilidadecaxias.com.br\\\/?s={search_term_string}\"},\"query-input\":{\"@type\":\"PropertyValueSpecification\",\"valueRequired\":true,\"valueName\":\"search_term_string\"}}],\"inLanguage\":\"pt-BR\"}]}<\/script>\n<!-- \/ Yoast SEO plugin. -->","yoast_head_json":{"title":"Conte\u00fados especializados em \u00e1udio e v\u00eddeo ampliam acesso \u00e0 informa\u00e7\u00e3o sobre a Justi\u00e7a do Trabalho - Contabilidade Caxias","robots":{"index":"index","follow":"follow","max-snippet":"max-snippet:-1","max-image-preview":"max-image-preview:large","max-video-preview":"max-video-preview:-1"},"canonical":"https:\/\/contabilidadecaxias.com.br\/index.php\/2022\/06\/21\/conteudos-especializados-em-audio-e-video-ampliam-acesso-a-informacao-sobre-a-justica-do-trabalho\/","og_locale":"pt_BR","og_type":"article","og_title":"Conte\u00fados especializados em \u00e1udio e v\u00eddeo ampliam acesso \u00e0 informa\u00e7\u00e3o sobre a Justi\u00e7a do Trabalho - Contabilidade Caxias","og_description":"Produ\u00e7\u00f5es da R\u00e1dio e TV TST abordam decis\u00f5es judiciais e seus impactos, tratando de temas relevantes sobre rela\u00e7\u00f5es de trabalho Imagem de uma ilha de edi\u00e7\u00e3o de TV 21-06-22 &#8211; H\u00e1 mais de dez anos, o Tribunal Superior do Trabalho (TST) conta com estruturas e equipes de profissionais que s\u00e3o refer\u00eancia na produ\u00e7\u00e3o de conte\u00fado [&hellip;]","og_url":"https:\/\/contabilidadecaxias.com.br\/index.php\/2022\/06\/21\/conteudos-especializados-em-audio-e-video-ampliam-acesso-a-informacao-sobre-a-justica-do-trabalho\/","og_site_name":"Contabilidade Caxias","article_published_time":"2022-06-21T19:07:15+00:00","twitter_card":"summary_large_image","twitter_misc":{"Est. tempo de leitura":"4 minutos"},"schema":{"@context":"https:\/\/schema.org","@graph":[{"@type":"Article","@id":"https:\/\/contabilidadecaxias.com.br\/index.php\/2022\/06\/21\/conteudos-especializados-em-audio-e-video-ampliam-acesso-a-informacao-sobre-a-justica-do-trabalho\/#article","isPartOf":{"@id":"https:\/\/contabilidadecaxias.com.br\/index.php\/2022\/06\/21\/conteudos-especializados-em-audio-e-video-ampliam-acesso-a-informacao-sobre-a-justica-do-trabalho\/"},"author":{"name":"","@id":""},"headline":"Conte\u00fados especializados em \u00e1udio e v\u00eddeo ampliam acesso \u00e0 informa\u00e7\u00e3o sobre a Justi\u00e7a do Trabalho","datePublished":"2022-06-21T19:07:15+00:00","mainEntityOfPage":{"@id":"https:\/\/contabilidadecaxias.com.br\/index.php\/2022\/06\/21\/conteudos-especializados-em-audio-e-video-ampliam-acesso-a-informacao-sobre-a-justica-do-trabalho\/"},"wordCount":901,"commentCount":0,"image":{"@id":"https:\/\/contabilidadecaxias.com.br\/index.php\/2022\/06\/21\/conteudos-especializados-em-audio-e-video-ampliam-acesso-a-informacao-sobre-a-justica-do-trabalho\/#primaryimage"},"thumbnailUrl":"https:\/\/contabilidadecaxias.com.br\/wp-content\/uploads\/2022\/06\/b286d0c7-65ee-b25f-bdb3-fbd86268f4d3-GN7tEL.jpeg","articleSection":["Educa\u00e7\u00e3o Financeira"],"inLanguage":"pt-BR","potentialAction":[{"@type":"CommentAction","name":"Comment","target":["https:\/\/contabilidadecaxias.com.br\/index.php\/2022\/06\/21\/conteudos-especializados-em-audio-e-video-ampliam-acesso-a-informacao-sobre-a-justica-do-trabalho\/#respond"]}]},{"@type":"WebPage","@id":"https:\/\/contabilidadecaxias.com.br\/index.php\/2022\/06\/21\/conteudos-especializados-em-audio-e-video-ampliam-acesso-a-informacao-sobre-a-justica-do-trabalho\/","url":"https:\/\/contabilidadecaxias.com.br\/index.php\/2022\/06\/21\/conteudos-especializados-em-audio-e-video-ampliam-acesso-a-informacao-sobre-a-justica-do-trabalho\/","name":"Conte\u00fados especializados em \u00e1udio e v\u00eddeo ampliam acesso \u00e0 informa\u00e7\u00e3o sobre a Justi\u00e7a do Trabalho - Contabilidade Caxias","isPartOf":{"@id":"https:\/\/contabilidadecaxias.com.br\/#website"},"primaryImageOfPage":{"@id":"https:\/\/contabilidadecaxias.com.br\/index.php\/2022\/06\/21\/conteudos-especializados-em-audio-e-video-ampliam-acesso-a-informacao-sobre-a-justica-do-trabalho\/#primaryimage"},"image":{"@id":"https:\/\/contabilidadecaxias.com.br\/index.php\/2022\/06\/21\/conteudos-especializados-em-audio-e-video-ampliam-acesso-a-informacao-sobre-a-justica-do-trabalho\/#primaryimage"},"thumbnailUrl":"https:\/\/contabilidadecaxias.com.br\/wp-content\/uploads\/2022\/06\/b286d0c7-65ee-b25f-bdb3-fbd86268f4d3-GN7tEL.jpeg","datePublished":"2022-06-21T19:07:15+00:00","author":{"@id":""},"breadcrumb":{"@id":"https:\/\/contabilidadecaxias.com.br\/index.php\/2022\/06\/21\/conteudos-especializados-em-audio-e-video-ampliam-acesso-a-informacao-sobre-a-justica-do-trabalho\/#breadcrumb"},"inLanguage":"pt-BR","potentialAction":[{"@type":"ReadAction","target":["https:\/\/contabilidadecaxias.com.br\/index.php\/2022\/06\/21\/conteudos-especializados-em-audio-e-video-ampliam-acesso-a-informacao-sobre-a-justica-do-trabalho\/"]}]},{"@type":"ImageObject","inLanguage":"pt-BR","@id":"https:\/\/contabilidadecaxias.com.br\/index.php\/2022\/06\/21\/conteudos-especializados-em-audio-e-video-ampliam-acesso-a-informacao-sobre-a-justica-do-trabalho\/#primaryimage","url":"https:\/\/contabilidadecaxias.com.br\/wp-content\/uploads\/2022\/06\/b286d0c7-65ee-b25f-bdb3-fbd86268f4d3-GN7tEL.jpeg","contentUrl":"https:\/\/contabilidadecaxias.com.br\/wp-content\/uploads\/2022\/06\/b286d0c7-65ee-b25f-bdb3-fbd86268f4d3-GN7tEL.jpeg","width":2119,"height":1414},{"@type":"BreadcrumbList","@id":"https:\/\/contabilidadecaxias.com.br\/index.php\/2022\/06\/21\/conteudos-especializados-em-audio-e-video-ampliam-acesso-a-informacao-sobre-a-justica-do-trabalho\/#breadcrumb","itemListElement":[{"@type":"ListItem","position":1,"name":"In\u00edcio","item":"https:\/\/contabilidadecaxias.com.br\/"},{"@type":"ListItem","position":2,"name":"Conte\u00fados especializados em \u00e1udio e v\u00eddeo ampliam acesso \u00e0 informa\u00e7\u00e3o sobre a Justi\u00e7a do Trabalho"}]},{"@type":"WebSite","@id":"https:\/\/contabilidadecaxias.com.br\/#website","url":"https:\/\/contabilidadecaxias.com.br\/","name":"Contabilidade Caxias","description":"Site especializado em Contabilidade para Caxias.","potentialAction":[{"@type":"SearchAction","target":{"@type":"EntryPoint","urlTemplate":"https:\/\/contabilidadecaxias.com.br\/?s={search_term_string}"},"query-input":{"@type":"PropertyValueSpecification","valueRequired":true,"valueName":"search_term_string"}}],"inLanguage":"pt-BR"}]}},"_links":{"self":[{"href":"https:\/\/contabilidadecaxias.com.br\/index.php\/wp-json\/wp\/v2\/posts\/11206","targetHints":{"allow":["GET"]}}],"collection":[{"href":"https:\/\/contabilidadecaxias.com.br\/index.php\/wp-json\/wp\/v2\/posts"}],"about":[{"href":"https:\/\/contabilidadecaxias.com.br\/index.php\/wp-json\/wp\/v2\/types\/post"}],"replies":[{"embeddable":true,"href":"https:\/\/contabilidadecaxias.com.br\/index.php\/wp-json\/wp\/v2\/comments?post=11206"}],"version-history":[{"count":0,"href":"https:\/\/contabilidadecaxias.com.br\/index.php\/wp-json\/wp\/v2\/posts\/11206\/revisions"}],"wp:featuredmedia":[{"embeddable":true,"href":"https:\/\/contabilidadecaxias.com.br\/index.php\/wp-json\/wp\/v2\/media\/11207"}],"wp:attachment":[{"href":"https:\/\/contabilidadecaxias.com.br\/index.php\/wp-json\/wp\/v2\/media?parent=11206"}],"wp:term":[{"taxonomy":"category","embeddable":true,"href":"https:\/\/contabilidadecaxias.com.br\/index.php\/wp-json\/wp\/v2\/categories?post=11206"},{"taxonomy":"post_tag","embeddable":true,"href":"https:\/\/contabilidadecaxias.com.br\/index.php\/wp-json\/wp\/v2\/tags?post=11206"}],"curies":[{"name":"wp","href":"https:\/\/api.w.org\/{rel}","templated":true}]}}