{"id":11205,"date":"2022-06-21T15:10:59","date_gmt":"2022-06-21T18:10:59","guid":{"rendered":"https:\/\/contabilidadecaxias.com.br\/index.php\/2022\/06\/21\/gestante-e-empregada-que-sofreu-aborto-espontaneo-serao-indenizadas-apos-sofreram-restricao-de-demandas\/"},"modified":"2022-06-21T15:10:59","modified_gmt":"2022-06-21T18:10:59","slug":"gestante-e-empregada-que-sofreu-aborto-espontaneo-serao-indenizadas-apos-sofreram-restricao-de-demandas","status":"publish","type":"post","link":"https:\/\/contabilidadecaxias.com.br\/index.php\/2022\/06\/21\/gestante-e-empregada-que-sofreu-aborto-espontaneo-serao-indenizadas-apos-sofreram-restricao-de-demandas\/","title":{"rendered":"Gestante e empregada que sofreu aborto espont\u00e2neo ser\u00e3o indenizadas ap\u00f3s sofreram restri\u00e7\u00e3o de demandas"},"content":{"rendered":"<div>\n\u00a0<br \/>\n\u00a0\u00a0\u00a0\u00a0\u00a0\u00a0\u00a0\u00a0 \u00a0\u00a0\u00a0\u00a0\u00a0\u00a0\u00a0\u00a0 \u00a0\u00a0\u00a0\u00a0\u00a0\u00a0 <a href=\"https:\/\/www.tst.jus.br\/documents\/10157\/27885360\/JORNAL+DA+JUSTIC%CC%A7A+2+-+20.06.22+-+VIVO+12H+BOL+GESTANTE+EMPREGADA+-+MICHELE+CHIAPPA.mp3\/ffa1f4c5-ce3b-87d0-0452-5369e1e6e70c?t=1655831675277\"> Baixe o \u00e1udio <\/a><\/div>\n<div><button>Reproduzir o \u00e1udio<\/button>\u00a0\u00a0<button>Pausar o \u00e1udio<\/button>\u00a0\u00a0<button>Aumentar o volume<\/button>\u00a0\u00a0<button>Diminuir o volume<\/button><\/div>\n<p>\u00a0<\/p>\n<p>21\/06\/22 &#8211; Em duas decis\u00f5es recentes, a Segunda Turma do Tribunal Superior do Trabalho examinou casos em que trabalhadoras foram colocadas em situa\u00e7\u00e3o de \u00f3cio for\u00e7ado. O primeiro trata de uma vigilante que deixou de ser escalada para prestar servi\u00e7os durante a gravidez. O outro envolve uma banc\u00e1ria que, ap\u00f3s sofrer aborto espont\u00e2neo, deixou de receber metas e de ser cobrada, at\u00e9 ser dispensada.<\/p>\n<p>Acompanhe os detalhes na reportagem de Michelle Chiappa.<\/p>\n<p>Processos:\u00a0<a href=\"https:\/\/consultaprocessual.tst.jus.br\/consultaProcessual\/consultaTstNumUnica.do?consulta=Consultar&amp;conscsjt=&amp;numeroTst=10349&amp;digitoTst=57&amp;anoTst=2017&amp;orgaoTst=5&amp;tribunalTst=03&amp;varaTst=0002&amp;submit=Consultar\" target=\"_blank\" rel=\"noopener\">RR-10349-57.2017.5.03.0002<\/a>\u00a0e<a href=\"https:\/\/consultaprocessual.tst.jus.br\/consultaProcessual\/consultaTstNumUnica.do?consulta=Consultar&amp;conscsjt=&amp;numeroTst=1179&amp;digitoTst=15&amp;anoTst=2013&amp;orgaoTst=5&amp;tribunalTst=09&amp;varaTst=0041&amp;submit=Consultar\" target=\"_blank\" rel=\"noopener\">\u00a0RR-1179-15.2013.5.09.0041<\/a><\/p>\n","protected":false},"excerpt":{"rendered":"<p>\u00a0 \u00a0\u00a0\u00a0\u00a0\u00a0\u00a0\u00a0\u00a0 \u00a0\u00a0\u00a0\u00a0\u00a0\u00a0\u00a0\u00a0 \u00a0\u00a0\u00a0\u00a0\u00a0\u00a0 Baixe o \u00e1udio Reproduzir o \u00e1udio\u00a0\u00a0Pausar o \u00e1udio\u00a0\u00a0Aumentar o volume\u00a0\u00a0Diminuir o volume \u00a0 21\/06\/22 &#8211; Em duas decis\u00f5es recentes, a Segunda Turma do Tribunal Superior do Trabalho examinou casos em que trabalhadoras foram colocadas em situa\u00e7\u00e3o de \u00f3cio for\u00e7ado. O primeiro trata de uma vigilante que deixou de ser escalada para [&hellip;]<\/p>\n","protected":false},"author":0,"featured_media":0,"comment_status":"open","ping_status":"","sticky":false,"template":"","format":"standard","meta":{"footnotes":""},"categories":[5],"tags":[],"class_list":["post-11205","post","type-post","status-publish","format-standard","hentry","category-noticias-educacao-financeira"],"blocksy_meta":{"styles_descriptor":{"styles":{"desktop":"","tablet":"","mobile":""},"google_fonts":[],"version":6}},"yoast_head":"<!-- This site is optimized with the Yoast SEO plugin v27.4 - https:\/\/yoast.com\/product\/yoast-seo-wordpress\/ -->\n<title>Gestante e empregada que sofreu aborto espont\u00e2neo ser\u00e3o indenizadas ap\u00f3s sofreram restri\u00e7\u00e3o de demandas - Contabilidade Caxias<\/title>\n<meta name=\"robots\" content=\"index, follow, max-snippet:-1, max-image-preview:large, max-video-preview:-1\" \/>\n<link rel=\"canonical\" href=\"https:\/\/contabilidadecaxias.com.br\/index.php\/2022\/06\/21\/gestante-e-empregada-que-sofreu-aborto-espontaneo-serao-indenizadas-apos-sofreram-restricao-de-demandas\/\" \/>\n<meta property=\"og:locale\" content=\"pt_BR\" \/>\n<meta property=\"og:type\" content=\"article\" \/>\n<meta property=\"og:title\" content=\"Gestante e empregada que sofreu aborto espont\u00e2neo ser\u00e3o indenizadas ap\u00f3s sofreram restri\u00e7\u00e3o de demandas - Contabilidade Caxias\" \/>\n<meta property=\"og:description\" content=\"\u00a0 \u00a0\u00a0\u00a0\u00a0\u00a0\u00a0\u00a0\u00a0 \u00a0\u00a0\u00a0\u00a0\u00a0\u00a0\u00a0\u00a0 \u00a0\u00a0\u00a0\u00a0\u00a0\u00a0 Baixe o \u00e1udio Reproduzir o \u00e1udio\u00a0\u00a0Pausar o \u00e1udio\u00a0\u00a0Aumentar o volume\u00a0\u00a0Diminuir o volume \u00a0 21\/06\/22 &#8211; Em duas decis\u00f5es recentes, a Segunda Turma do Tribunal Superior do Trabalho examinou casos em que trabalhadoras foram colocadas em situa\u00e7\u00e3o de \u00f3cio for\u00e7ado. O primeiro trata de uma vigilante que deixou de ser escalada para [&hellip;]\" \/>\n<meta property=\"og:url\" content=\"https:\/\/contabilidadecaxias.com.br\/index.php\/2022\/06\/21\/gestante-e-empregada-que-sofreu-aborto-espontaneo-serao-indenizadas-apos-sofreram-restricao-de-demandas\/\" \/>\n<meta property=\"og:site_name\" content=\"Contabilidade Caxias\" \/>\n<meta property=\"article:published_time\" content=\"2022-06-21T18:10:59+00:00\" \/>\n<meta name=\"twitter:card\" content=\"summary_large_image\" \/>\n<script type=\"application\/ld+json\" class=\"yoast-schema-graph\">{\"@context\":\"https:\\\/\\\/schema.org\",\"@graph\":[{\"@type\":\"Article\",\"@id\":\"https:\\\/\\\/contabilidadecaxias.com.br\\\/index.php\\\/2022\\\/06\\\/21\\\/gestante-e-empregada-que-sofreu-aborto-espontaneo-serao-indenizadas-apos-sofreram-restricao-de-demandas\\\/#article\",\"isPartOf\":{\"@id\":\"https:\\\/\\\/contabilidadecaxias.com.br\\\/index.php\\\/2022\\\/06\\\/21\\\/gestante-e-empregada-que-sofreu-aborto-espontaneo-serao-indenizadas-apos-sofreram-restricao-de-demandas\\\/\"},\"author\":{\"name\":\"\",\"@id\":\"\"},\"headline\":\"Gestante e empregada que sofreu aborto espont\u00e2neo ser\u00e3o indenizadas ap\u00f3s sofreram restri\u00e7\u00e3o de demandas\",\"datePublished\":\"2022-06-21T18:10:59+00:00\",\"mainEntityOfPage\":{\"@id\":\"https:\\\/\\\/contabilidadecaxias.com.br\\\/index.php\\\/2022\\\/06\\\/21\\\/gestante-e-empregada-que-sofreu-aborto-espontaneo-serao-indenizadas-apos-sofreram-restricao-de-demandas\\\/\"},\"wordCount\":117,\"commentCount\":0,\"articleSection\":[\"Educa\u00e7\u00e3o Financeira\"],\"inLanguage\":\"pt-BR\",\"potentialAction\":[{\"@type\":\"CommentAction\",\"name\":\"Comment\",\"target\":[\"https:\\\/\\\/contabilidadecaxias.com.br\\\/index.php\\\/2022\\\/06\\\/21\\\/gestante-e-empregada-que-sofreu-aborto-espontaneo-serao-indenizadas-apos-sofreram-restricao-de-demandas\\\/#respond\"]}]},{\"@type\":\"WebPage\",\"@id\":\"https:\\\/\\\/contabilidadecaxias.com.br\\\/index.php\\\/2022\\\/06\\\/21\\\/gestante-e-empregada-que-sofreu-aborto-espontaneo-serao-indenizadas-apos-sofreram-restricao-de-demandas\\\/\",\"url\":\"https:\\\/\\\/contabilidadecaxias.com.br\\\/index.php\\\/2022\\\/06\\\/21\\\/gestante-e-empregada-que-sofreu-aborto-espontaneo-serao-indenizadas-apos-sofreram-restricao-de-demandas\\\/\",\"name\":\"Gestante e empregada que sofreu aborto espont\u00e2neo ser\u00e3o indenizadas ap\u00f3s sofreram restri\u00e7\u00e3o de demandas - Contabilidade Caxias\",\"isPartOf\":{\"@id\":\"https:\\\/\\\/contabilidadecaxias.com.br\\\/#website\"},\"datePublished\":\"2022-06-21T18:10:59+00:00\",\"author\":{\"@id\":\"\"},\"breadcrumb\":{\"@id\":\"https:\\\/\\\/contabilidadecaxias.com.br\\\/index.php\\\/2022\\\/06\\\/21\\\/gestante-e-empregada-que-sofreu-aborto-espontaneo-serao-indenizadas-apos-sofreram-restricao-de-demandas\\\/#breadcrumb\"},\"inLanguage\":\"pt-BR\",\"potentialAction\":[{\"@type\":\"ReadAction\",\"target\":[\"https:\\\/\\\/contabilidadecaxias.com.br\\\/index.php\\\/2022\\\/06\\\/21\\\/gestante-e-empregada-que-sofreu-aborto-espontaneo-serao-indenizadas-apos-sofreram-restricao-de-demandas\\\/\"]}]},{\"@type\":\"BreadcrumbList\",\"@id\":\"https:\\\/\\\/contabilidadecaxias.com.br\\\/index.php\\\/2022\\\/06\\\/21\\\/gestante-e-empregada-que-sofreu-aborto-espontaneo-serao-indenizadas-apos-sofreram-restricao-de-demandas\\\/#breadcrumb\",\"itemListElement\":[{\"@type\":\"ListItem\",\"position\":1,\"name\":\"In\u00edcio\",\"item\":\"https:\\\/\\\/contabilidadecaxias.com.br\\\/\"},{\"@type\":\"ListItem\",\"position\":2,\"name\":\"Gestante e empregada que sofreu aborto espont\u00e2neo ser\u00e3o indenizadas ap\u00f3s sofreram restri\u00e7\u00e3o de demandas\"}]},{\"@type\":\"WebSite\",\"@id\":\"https:\\\/\\\/contabilidadecaxias.com.br\\\/#website\",\"url\":\"https:\\\/\\\/contabilidadecaxias.com.br\\\/\",\"name\":\"Contabilidade Caxias\",\"description\":\"Site especializado em Contabilidade para Caxias.\",\"potentialAction\":[{\"@type\":\"SearchAction\",\"target\":{\"@type\":\"EntryPoint\",\"urlTemplate\":\"https:\\\/\\\/contabilidadecaxias.com.br\\\/?s={search_term_string}\"},\"query-input\":{\"@type\":\"PropertyValueSpecification\",\"valueRequired\":true,\"valueName\":\"search_term_string\"}}],\"inLanguage\":\"pt-BR\"}]}<\/script>\n<!-- \/ Yoast SEO plugin. -->","yoast_head_json":{"title":"Gestante e empregada que sofreu aborto espont\u00e2neo ser\u00e3o indenizadas ap\u00f3s sofreram restri\u00e7\u00e3o de demandas - Contabilidade Caxias","robots":{"index":"index","follow":"follow","max-snippet":"max-snippet:-1","max-image-preview":"max-image-preview:large","max-video-preview":"max-video-preview:-1"},"canonical":"https:\/\/contabilidadecaxias.com.br\/index.php\/2022\/06\/21\/gestante-e-empregada-que-sofreu-aborto-espontaneo-serao-indenizadas-apos-sofreram-restricao-de-demandas\/","og_locale":"pt_BR","og_type":"article","og_title":"Gestante e empregada que sofreu aborto espont\u00e2neo ser\u00e3o indenizadas ap\u00f3s sofreram restri\u00e7\u00e3o de demandas - Contabilidade Caxias","og_description":"\u00a0 \u00a0\u00a0\u00a0\u00a0\u00a0\u00a0\u00a0\u00a0 \u00a0\u00a0\u00a0\u00a0\u00a0\u00a0\u00a0\u00a0 \u00a0\u00a0\u00a0\u00a0\u00a0\u00a0 Baixe o \u00e1udio Reproduzir o \u00e1udio\u00a0\u00a0Pausar o \u00e1udio\u00a0\u00a0Aumentar o volume\u00a0\u00a0Diminuir o volume \u00a0 21\/06\/22 &#8211; Em duas decis\u00f5es recentes, a Segunda Turma do Tribunal Superior do Trabalho examinou casos em que trabalhadoras foram colocadas em situa\u00e7\u00e3o de \u00f3cio for\u00e7ado. O primeiro trata de uma vigilante que deixou de ser escalada para [&hellip;]","og_url":"https:\/\/contabilidadecaxias.com.br\/index.php\/2022\/06\/21\/gestante-e-empregada-que-sofreu-aborto-espontaneo-serao-indenizadas-apos-sofreram-restricao-de-demandas\/","og_site_name":"Contabilidade Caxias","article_published_time":"2022-06-21T18:10:59+00:00","twitter_card":"summary_large_image","schema":{"@context":"https:\/\/schema.org","@graph":[{"@type":"Article","@id":"https:\/\/contabilidadecaxias.com.br\/index.php\/2022\/06\/21\/gestante-e-empregada-que-sofreu-aborto-espontaneo-serao-indenizadas-apos-sofreram-restricao-de-demandas\/#article","isPartOf":{"@id":"https:\/\/contabilidadecaxias.com.br\/index.php\/2022\/06\/21\/gestante-e-empregada-que-sofreu-aborto-espontaneo-serao-indenizadas-apos-sofreram-restricao-de-demandas\/"},"author":{"name":"","@id":""},"headline":"Gestante e empregada que sofreu aborto espont\u00e2neo ser\u00e3o indenizadas ap\u00f3s sofreram restri\u00e7\u00e3o de demandas","datePublished":"2022-06-21T18:10:59+00:00","mainEntityOfPage":{"@id":"https:\/\/contabilidadecaxias.com.br\/index.php\/2022\/06\/21\/gestante-e-empregada-que-sofreu-aborto-espontaneo-serao-indenizadas-apos-sofreram-restricao-de-demandas\/"},"wordCount":117,"commentCount":0,"articleSection":["Educa\u00e7\u00e3o Financeira"],"inLanguage":"pt-BR","potentialAction":[{"@type":"CommentAction","name":"Comment","target":["https:\/\/contabilidadecaxias.com.br\/index.php\/2022\/06\/21\/gestante-e-empregada-que-sofreu-aborto-espontaneo-serao-indenizadas-apos-sofreram-restricao-de-demandas\/#respond"]}]},{"@type":"WebPage","@id":"https:\/\/contabilidadecaxias.com.br\/index.php\/2022\/06\/21\/gestante-e-empregada-que-sofreu-aborto-espontaneo-serao-indenizadas-apos-sofreram-restricao-de-demandas\/","url":"https:\/\/contabilidadecaxias.com.br\/index.php\/2022\/06\/21\/gestante-e-empregada-que-sofreu-aborto-espontaneo-serao-indenizadas-apos-sofreram-restricao-de-demandas\/","name":"Gestante e empregada que sofreu aborto espont\u00e2neo ser\u00e3o indenizadas ap\u00f3s sofreram restri\u00e7\u00e3o de demandas - Contabilidade Caxias","isPartOf":{"@id":"https:\/\/contabilidadecaxias.com.br\/#website"},"datePublished":"2022-06-21T18:10:59+00:00","author":{"@id":""},"breadcrumb":{"@id":"https:\/\/contabilidadecaxias.com.br\/index.php\/2022\/06\/21\/gestante-e-empregada-que-sofreu-aborto-espontaneo-serao-indenizadas-apos-sofreram-restricao-de-demandas\/#breadcrumb"},"inLanguage":"pt-BR","potentialAction":[{"@type":"ReadAction","target":["https:\/\/contabilidadecaxias.com.br\/index.php\/2022\/06\/21\/gestante-e-empregada-que-sofreu-aborto-espontaneo-serao-indenizadas-apos-sofreram-restricao-de-demandas\/"]}]},{"@type":"BreadcrumbList","@id":"https:\/\/contabilidadecaxias.com.br\/index.php\/2022\/06\/21\/gestante-e-empregada-que-sofreu-aborto-espontaneo-serao-indenizadas-apos-sofreram-restricao-de-demandas\/#breadcrumb","itemListElement":[{"@type":"ListItem","position":1,"name":"In\u00edcio","item":"https:\/\/contabilidadecaxias.com.br\/"},{"@type":"ListItem","position":2,"name":"Gestante e empregada que sofreu aborto espont\u00e2neo ser\u00e3o indenizadas ap\u00f3s sofreram restri\u00e7\u00e3o de demandas"}]},{"@type":"WebSite","@id":"https:\/\/contabilidadecaxias.com.br\/#website","url":"https:\/\/contabilidadecaxias.com.br\/","name":"Contabilidade Caxias","description":"Site especializado em Contabilidade para Caxias.","potentialAction":[{"@type":"SearchAction","target":{"@type":"EntryPoint","urlTemplate":"https:\/\/contabilidadecaxias.com.br\/?s={search_term_string}"},"query-input":{"@type":"PropertyValueSpecification","valueRequired":true,"valueName":"search_term_string"}}],"inLanguage":"pt-BR"}]}},"_links":{"self":[{"href":"https:\/\/contabilidadecaxias.com.br\/index.php\/wp-json\/wp\/v2\/posts\/11205","targetHints":{"allow":["GET"]}}],"collection":[{"href":"https:\/\/contabilidadecaxias.com.br\/index.php\/wp-json\/wp\/v2\/posts"}],"about":[{"href":"https:\/\/contabilidadecaxias.com.br\/index.php\/wp-json\/wp\/v2\/types\/post"}],"replies":[{"embeddable":true,"href":"https:\/\/contabilidadecaxias.com.br\/index.php\/wp-json\/wp\/v2\/comments?post=11205"}],"version-history":[{"count":0,"href":"https:\/\/contabilidadecaxias.com.br\/index.php\/wp-json\/wp\/v2\/posts\/11205\/revisions"}],"wp:attachment":[{"href":"https:\/\/contabilidadecaxias.com.br\/index.php\/wp-json\/wp\/v2\/media?parent=11205"}],"wp:term":[{"taxonomy":"category","embeddable":true,"href":"https:\/\/contabilidadecaxias.com.br\/index.php\/wp-json\/wp\/v2\/categories?post=11205"},{"taxonomy":"post_tag","embeddable":true,"href":"https:\/\/contabilidadecaxias.com.br\/index.php\/wp-json\/wp\/v2\/tags?post=11205"}],"curies":[{"name":"wp","href":"https:\/\/api.w.org\/{rel}","templated":true}]}}