{"id":11202,"date":"2022-06-21T14:09:17","date_gmt":"2022-06-21T17:09:17","guid":{"rendered":"https:\/\/contabilidadecaxias.com.br\/index.php\/2022\/06\/21\/empresa-de-laticinios-tera-de-reintegrar-consultor-contratado-em-cota-para-pessoas-com-deficiencia\/"},"modified":"2022-06-21T14:09:17","modified_gmt":"2022-06-21T17:09:17","slug":"empresa-de-laticinios-tera-de-reintegrar-consultor-contratado-em-cota-para-pessoas-com-deficiencia","status":"publish","type":"post","link":"https:\/\/contabilidadecaxias.com.br\/index.php\/2022\/06\/21\/empresa-de-laticinios-tera-de-reintegrar-consultor-contratado-em-cota-para-pessoas-com-deficiencia\/","title":{"rendered":"Empresa de latic\u00ednios ter\u00e1 de reintegrar consultor contratado em cota para pessoas com defici\u00eancia"},"content":{"rendered":"<div class=\"noticia-wrapper\">\n<p><em><\/p>\n<p>O colegiado entendeu que a empresa descumpriu a lei de cotas<\/p>\n<p><\/em><\/p>\n<div class=\"social-media-share mobile\">\n        <a class=\"share-facebook\" href=\"https:\/\/www.facebook.com\/sharer.php?u=https:\/\/www.tst.jus.br\/-\/empresa-de-latic%C3%ADnios-ter%C3%A1-de-reintegrar-consultor-contratado-em-cota-para-pessoas-com-defici%C3%AAncia\" target=\"_blank\" rel=\"noopener\"><\/a><br \/>\n        <a class=\"share-twitter\" href=\"https:\/\/twitter.com\/intent\/tweet?text=Empresa%20de%20latic%C3%ADnios%20ter%C3%A1%20de%20reintegrar%20consultor%20contratado%20em%20cota%20para%20pessoas%20com%20defici%C3%AAncia%0AVeja%20mais%20em:&amp;url=https:\/\/www.tst.jus.br\/-\/empresa-de-latic%C3%ADnios-ter%C3%A1-de-reintegrar-consultor-contratado-em-cota-para-pessoas-com-defici%C3%AAncia\" target=\"_blank\" rel=\"noopener\"><\/a><br \/>\n        <a class=\"share-linkedin\" href=\"https:\/\/www.linkedin.com\/shareArticle?mini=true&amp;url=https:\/\/www.tst.jus.br\/-\/empresa-de-latic%C3%ADnios-ter%C3%A1-de-reintegrar-consultor-contratado-em-cota-para-pessoas-com-defici%C3%AAncia&amp;title=Empresa%20de%20latic%C3%ADnios%20ter%C3%A1%20de%20reintegrar%20consultor%20contratado%20em%20cota%20para%20pessoas%20com%20defici%C3%AAncia\" target=\"_blank\" rel=\"noopener\"><\/a><br \/>\n        <a class=\"share-whatsapp\" href=\"https:\/\/web.whatsapp.com\/send?text=https:\/\/www.tst.jus.br\/-\/empresa-de-latic%C3%ADnios-ter%C3%A1-de-reintegrar-consultor-contratado-em-cota-para-pessoas-com-defici%C3%AAncia\" target=\"_blank\" rel=\"noopener\"><\/a><br \/>\n        <a class=\"share-googleplus\" href=\"https:\/\/plus.google.com\/share?url=https:\/\/www.tst.jus.br\/-\/empresa-de-latic%C3%ADnios-ter%C3%A1-de-reintegrar-consultor-contratado-em-cota-para-pessoas-com-defici%C3%AAncia\" target=\"_blank\" rel=\"noopener\"><\/a>\n    <\/div>\n<div class=\"news-body\">\n<div class=\"imagem-da-noticia\">\n<div class=\"social-media-share\">\n                    <a class=\"share-facebook\" href=\"https:\/\/www.facebook.com\/sharer.php?u=https:\/\/www.tst.jus.br\/-\/empresa-de-latic%C3%ADnios-ter%C3%A1-de-reintegrar-consultor-contratado-em-cota-para-pessoas-com-defici%C3%AAncia\" target=\"_blank\" rel=\"noopener\"><\/a><br \/>\n                    <a class=\"share-twitter\" href=\"https:\/\/twitter.com\/intent\/tweet?text=Empresa%20de%20latic%C3%ADnios%20ter%C3%A1%20de%20reintegrar%20consultor%20contratado%20em%20cota%20para%20pessoas%20com%20defici%C3%AAncia%0AVeja%20mais%20em:&amp;url=https:\/\/www.tst.jus.br\/-\/empresa-de-latic%C3%ADnios-ter%C3%A1-de-reintegrar-consultor-contratado-em-cota-para-pessoas-com-defici%C3%AAncia\" target=\"_blank\" rel=\"noopener\"><\/a><br \/>\n                    <a class=\"share-linkedin\" href=\"https:\/\/www.linkedin.com\/shareArticle?mini=true&amp;url=https:\/\/www.tst.jus.br\/-\/empresa-de-latic%C3%ADnios-ter%C3%A1-de-reintegrar-consultor-contratado-em-cota-para-pessoas-com-defici%C3%AAncia&amp;title=Empresa%20de%20latic%C3%ADnios%20ter%C3%A1%20de%20reintegrar%20consultor%20contratado%20em%20cota%20para%20pessoas%20com%20defici%C3%AAncia\" target=\"_blank\" rel=\"noopener\"><\/a><br \/>\n                    <a class=\"share-whatsapp\" href=\"https:\/\/web.whatsapp.com\/send?text=https:\/\/www.tst.jus.br\/-\/empresa-de-latic%C3%ADnios-ter%C3%A1-de-reintegrar-consultor-contratado-em-cota-para-pessoas-com-defici%C3%AAncia\" target=\"_blank\" rel=\"noopener\"><\/a><br \/>\n                    <a class=\"share-googleplus\" href=\"https:\/\/plus.google.com\/share?url=https:\/\/www.tst.jus.br\/-\/empresa-de-latic%C3%ADnios-ter%C3%A1-de-reintegrar-consultor-contratado-em-cota-para-pessoas-com-defici%C3%AAncia\" target=\"_blank\" rel=\"noopener\"><\/a>\n                <\/div>\n<\/p><\/div>\n<div class=\"materia\">\n<p>21-06-22- Por unanimidade, a Sexta Turma do Tribunal Superior do Trabalho reestabeleceu senten\u00e7a que determinou que a Nestl\u00e9 Brasil Ltda. reintegrasse um consultor de vendas contratado pela cota de pessoas com defici\u00eancia. O colegiado entendeu que a empresa descumpriu a lei por n\u00e3o haver contratado, ap\u00f3s demitir o consultor, outro empregado nas mesmas condi\u00e7\u00f5es especiais.\u00a0<\/p>\n<p><strong>Nulidade<\/strong><\/p>\n<p>Na reclama\u00e7\u00e3o trabalhista, o consultor, que tem defici\u00eancia auditiva, pediu a nulidade da dispensa por entender que a legisla\u00e7\u00e3o que trata da cota para pessoas com defici\u00eancia foi descumprida no ato de sua demiss\u00e3o. Segundo ele, n\u00e3o foi contratado outro empregado por outro empregado em id\u00eanticas condi\u00e7\u00f5es, conforme determina o artigo 93 da lei de cotas (<a href=\"https:\/\/www.planalto.gov.br\/ccivil_03\/leis\/l8213cons.htm\" target=\"\" rel=\"noopener\">Lei 8.213\/91<\/a>).\u00a0<\/p>\n<p><strong>Efetiva contrata\u00e7\u00e3o<\/strong><\/p>\n<p>O caso foi julgado em mar\u00e7o de 2017 pela 11\u00aa Vara do Trabalho de S\u00e3o Paulo (SP), que ao determinar a reintegra\u00e7\u00e3o do empregado destacou que a Nestl\u00e9, embora tenha anexado documenta\u00e7\u00e3o demonstrando que outro empregado, nas mesmas condi\u00e7\u00f5es do consultor, havia se submetido a exames pr\u00e9-admissionais, n\u00e3o comprovou a efetiva contrata\u00e7\u00e3o do trabalhador.\u00a0\u00a0<\/p>\n<p><strong>Documentos<\/strong><\/p>\n<p>Em recurso para o Tribunal Regional do Trabalho da 2\u00aa Regi\u00e3o (SP) contra a senten\u00e7a, a empresa defendeu que os documentos anexados confirmavam a obedi\u00eancia \u00e0 lei de cotas. Segundo a Nestl\u00e9, a lei n\u00e3o garante a reintegra\u00e7\u00e3o, mas apenas a contrata\u00e7\u00e3o de um empregado com defici\u00eancia por outro. A empresa ainda questionou a senten\u00e7a por entender que o juiz partiu do pressuposto de que a Nestl\u00e9 agiu de m\u00e1-f\u00e9.<\/p>\n<p>A tese da Nestl\u00e9 foi acolhida pelo Tribunal Regional, que reformou a senten\u00e7a, avaliando que a inten\u00e7\u00e3o do legislador com a lei de cotas foi assegurar a manuten\u00e7\u00e3o de postos de trabalho de pessoas com defici\u00eancia. Conforme o TRT-2, a jurisprud\u00eancia reconhece a nulidade da dispensa caso n\u00e3o haja a substitui\u00e7\u00e3o por outro trabalhador nas mesmas condi\u00e7\u00f5es, mas seu descumprimento n\u00e3o assegura ao dispensado reintegra\u00e7\u00e3o.<\/p>\n<p>\u00a0<strong>Garantia social<\/strong><\/p>\n<p>\u00a0O relator do recurso do empregado na 6\u00aa Turma, ministro Augusto C\u00e9sar, divergiu do entendimento do Regional por entender que o legislador, ao condicionar a dispensa de um empregado com defici\u00eancia por outro, nas mesmas condi\u00e7\u00f5es, teve o objetivo de manter o percentual de vagas para pessoas com defici\u00eancia. \u201cA garantia no emprego n\u00e3o \u00e9, nesse contexto, individual, mas sim social\u201d, ressaltou o ministro.<\/p>\n<p><strong>Reintegra\u00e7\u00e3o\u00a0<\/strong><\/p>\n<p>A circunst\u00e2ncia da norma, prosseguiu o relator, limita o direito potestativo do empregador de dispensar o empregado com defici\u00eancia. Por isso, segundo ele, o n\u00e3o atendimento expresso da lei gera o direito do empregado \u00e0 reintegra\u00e7\u00e3o no emprego. \u201cTal disposi\u00e7\u00e3o legal visa a resguardar os direitos consagrados inclusive constitucionalmente de um grupo de trabalhadores que demandam uma assist\u00eancia especial\u201d, concluiu o relator.<\/p>\n<p>O voto do relator foi seguido por unanimidade pela Turma, mas a empresa j\u00e1 interp\u00f4s embargos declarat\u00f3rios, ainda n\u00e3o analisados pelo TST.<\/p>\n<p>\u00a0(DA\/RR)<\/p>\n<p>Processo: <a href=\"https:\/\/consultaprocessual.tst.jus.br\/consultaProcessual\/consultaTstNumUnica.do?consulta=Consultar&amp;conscsjt=&amp;numeroTst=1000912&amp;digitoTst=17&amp;anoTst=2016&amp;orgaoTst=5&amp;tribunalTst=02&amp;varaTst=0073&amp;submit=Consultar\" target=\"\" rel=\"noopener\">RRAg-1000912-17.2016.5.02.0073<\/a><\/p>\n<p>O TST possui oito Turmas, cada uma composta por tr\u00eas ministros, com a atribui\u00e7\u00e3o de analisar recursos de revista, agravos, agravos de instrumento, agravos regimentais e recursos ordin\u00e1rios em a\u00e7\u00e3o cautelar. Das decis\u00f5es das Turmas, a parte ainda pode, em alguns casos, recorrer \u00e0 Subse\u00e7\u00e3o I Especializada em Diss\u00eddios Individuais (SBDI-1).<\/p>\n<p>Esta mat\u00e9ria tem car\u00e1ter informativo, sem cunho oficial.<\/p>\n<p>Permitida a reprodu\u00e7\u00e3o mediante cita\u00e7\u00e3o da fonte.<\/p>\n<p>Secretaria de Comunica\u00e7\u00e3o Social<\/p>\n<p>Tribunal Superior do Trabalho<\/p>\n<p>Tel. (61) 3043-4907<\/p>\n<p>secom@tst.jus.br<\/p>\n<p>\u00a0<\/p>\n<p>\u00a0<\/p>\n<\/div><\/div>\n<\/div>\n","protected":false},"excerpt":{"rendered":"<p>O colegiado entendeu que a empresa descumpriu a lei de cotas 21-06-22- Por unanimidade, a Sexta Turma do Tribunal Superior do Trabalho reestabeleceu senten\u00e7a que determinou que a Nestl\u00e9 Brasil Ltda. reintegrasse um consultor de vendas contratado pela cota de pessoas com defici\u00eancia. O colegiado entendeu que a empresa descumpriu a lei por n\u00e3o haver [&hellip;]<\/p>\n","protected":false},"author":0,"featured_media":11203,"comment_status":"open","ping_status":"","sticky":false,"template":"","format":"standard","meta":{"footnotes":""},"categories":[5],"tags":[],"class_list":["post-11202","post","type-post","status-publish","format-standard","has-post-thumbnail","hentry","category-noticias-educacao-financeira"],"blocksy_meta":{"styles_descriptor":{"styles":{"desktop":"","tablet":"","mobile":""},"google_fonts":[],"version":6}},"yoast_head":"<!-- This site is optimized with the Yoast SEO plugin v27.4 - https:\/\/yoast.com\/product\/yoast-seo-wordpress\/ -->\n<title>Empresa de latic\u00ednios ter\u00e1 de reintegrar consultor contratado em cota para pessoas com defici\u00eancia - Contabilidade Caxias<\/title>\n<meta name=\"robots\" content=\"index, follow, max-snippet:-1, max-image-preview:large, max-video-preview:-1\" \/>\n<link rel=\"canonical\" href=\"https:\/\/contabilidadecaxias.com.br\/index.php\/2022\/06\/21\/empresa-de-laticinios-tera-de-reintegrar-consultor-contratado-em-cota-para-pessoas-com-deficiencia\/\" \/>\n<meta property=\"og:locale\" content=\"pt_BR\" \/>\n<meta property=\"og:type\" content=\"article\" \/>\n<meta property=\"og:title\" content=\"Empresa de latic\u00ednios ter\u00e1 de reintegrar consultor contratado em cota para pessoas com defici\u00eancia - Contabilidade Caxias\" \/>\n<meta property=\"og:description\" content=\"O colegiado entendeu que a empresa descumpriu a lei de cotas 21-06-22- Por unanimidade, a Sexta Turma do Tribunal Superior do Trabalho reestabeleceu senten\u00e7a que determinou que a Nestl\u00e9 Brasil Ltda. reintegrasse um consultor de vendas contratado pela cota de pessoas com defici\u00eancia. O colegiado entendeu que a empresa descumpriu a lei por n\u00e3o haver [&hellip;]\" \/>\n<meta property=\"og:url\" content=\"https:\/\/contabilidadecaxias.com.br\/index.php\/2022\/06\/21\/empresa-de-laticinios-tera-de-reintegrar-consultor-contratado-em-cota-para-pessoas-com-deficiencia\/\" \/>\n<meta property=\"og:site_name\" content=\"Contabilidade Caxias\" \/>\n<meta property=\"article:published_time\" content=\"2022-06-21T17:09:17+00:00\" \/>\n<meta name=\"twitter:card\" content=\"summary_large_image\" \/>\n<meta name=\"twitter:label1\" content=\"Est. tempo de leitura\" \/>\n\t<meta name=\"twitter:data1\" content=\"3 minutos\" \/>\n<script type=\"application\/ld+json\" class=\"yoast-schema-graph\">{\"@context\":\"https:\\\/\\\/schema.org\",\"@graph\":[{\"@type\":\"Article\",\"@id\":\"https:\\\/\\\/contabilidadecaxias.com.br\\\/index.php\\\/2022\\\/06\\\/21\\\/empresa-de-laticinios-tera-de-reintegrar-consultor-contratado-em-cota-para-pessoas-com-deficiencia\\\/#article\",\"isPartOf\":{\"@id\":\"https:\\\/\\\/contabilidadecaxias.com.br\\\/index.php\\\/2022\\\/06\\\/21\\\/empresa-de-laticinios-tera-de-reintegrar-consultor-contratado-em-cota-para-pessoas-com-deficiencia\\\/\"},\"author\":{\"name\":\"\",\"@id\":\"\"},\"headline\":\"Empresa de latic\u00ednios ter\u00e1 de reintegrar consultor contratado em cota para pessoas com defici\u00eancia\",\"datePublished\":\"2022-06-21T17:09:17+00:00\",\"mainEntityOfPage\":{\"@id\":\"https:\\\/\\\/contabilidadecaxias.com.br\\\/index.php\\\/2022\\\/06\\\/21\\\/empresa-de-laticinios-tera-de-reintegrar-consultor-contratado-em-cota-para-pessoas-com-deficiencia\\\/\"},\"wordCount\":629,\"commentCount\":0,\"image\":{\"@id\":\"https:\\\/\\\/contabilidadecaxias.com.br\\\/index.php\\\/2022\\\/06\\\/21\\\/empresa-de-laticinios-tera-de-reintegrar-consultor-contratado-em-cota-para-pessoas-com-deficiencia\\\/#primaryimage\"},\"thumbnailUrl\":\"https:\\\/\\\/contabilidadecaxias.com.br\\\/wp-content\\\/uploads\\\/2022\\\/06\\\/b19cee0e-7cf4-4b03-1244-7b7c62225aa6-JerHlr-scaled.jpeg\",\"articleSection\":[\"Educa\u00e7\u00e3o Financeira\"],\"inLanguage\":\"pt-BR\",\"potentialAction\":[{\"@type\":\"CommentAction\",\"name\":\"Comment\",\"target\":[\"https:\\\/\\\/contabilidadecaxias.com.br\\\/index.php\\\/2022\\\/06\\\/21\\\/empresa-de-laticinios-tera-de-reintegrar-consultor-contratado-em-cota-para-pessoas-com-deficiencia\\\/#respond\"]}]},{\"@type\":\"WebPage\",\"@id\":\"https:\\\/\\\/contabilidadecaxias.com.br\\\/index.php\\\/2022\\\/06\\\/21\\\/empresa-de-laticinios-tera-de-reintegrar-consultor-contratado-em-cota-para-pessoas-com-deficiencia\\\/\",\"url\":\"https:\\\/\\\/contabilidadecaxias.com.br\\\/index.php\\\/2022\\\/06\\\/21\\\/empresa-de-laticinios-tera-de-reintegrar-consultor-contratado-em-cota-para-pessoas-com-deficiencia\\\/\",\"name\":\"Empresa de latic\u00ednios ter\u00e1 de reintegrar consultor contratado em cota para pessoas com defici\u00eancia - Contabilidade Caxias\",\"isPartOf\":{\"@id\":\"https:\\\/\\\/contabilidadecaxias.com.br\\\/#website\"},\"primaryImageOfPage\":{\"@id\":\"https:\\\/\\\/contabilidadecaxias.com.br\\\/index.php\\\/2022\\\/06\\\/21\\\/empresa-de-laticinios-tera-de-reintegrar-consultor-contratado-em-cota-para-pessoas-com-deficiencia\\\/#primaryimage\"},\"image\":{\"@id\":\"https:\\\/\\\/contabilidadecaxias.com.br\\\/index.php\\\/2022\\\/06\\\/21\\\/empresa-de-laticinios-tera-de-reintegrar-consultor-contratado-em-cota-para-pessoas-com-deficiencia\\\/#primaryimage\"},\"thumbnailUrl\":\"https:\\\/\\\/contabilidadecaxias.com.br\\\/wp-content\\\/uploads\\\/2022\\\/06\\\/b19cee0e-7cf4-4b03-1244-7b7c62225aa6-JerHlr-scaled.jpeg\",\"datePublished\":\"2022-06-21T17:09:17+00:00\",\"author\":{\"@id\":\"\"},\"breadcrumb\":{\"@id\":\"https:\\\/\\\/contabilidadecaxias.com.br\\\/index.php\\\/2022\\\/06\\\/21\\\/empresa-de-laticinios-tera-de-reintegrar-consultor-contratado-em-cota-para-pessoas-com-deficiencia\\\/#breadcrumb\"},\"inLanguage\":\"pt-BR\",\"potentialAction\":[{\"@type\":\"ReadAction\",\"target\":[\"https:\\\/\\\/contabilidadecaxias.com.br\\\/index.php\\\/2022\\\/06\\\/21\\\/empresa-de-laticinios-tera-de-reintegrar-consultor-contratado-em-cota-para-pessoas-com-deficiencia\\\/\"]}]},{\"@type\":\"ImageObject\",\"inLanguage\":\"pt-BR\",\"@id\":\"https:\\\/\\\/contabilidadecaxias.com.br\\\/index.php\\\/2022\\\/06\\\/21\\\/empresa-de-laticinios-tera-de-reintegrar-consultor-contratado-em-cota-para-pessoas-com-deficiencia\\\/#primaryimage\",\"url\":\"https:\\\/\\\/contabilidadecaxias.com.br\\\/wp-content\\\/uploads\\\/2022\\\/06\\\/b19cee0e-7cf4-4b03-1244-7b7c62225aa6-JerHlr-scaled.jpeg\",\"contentUrl\":\"https:\\\/\\\/contabilidadecaxias.com.br\\\/wp-content\\\/uploads\\\/2022\\\/06\\\/b19cee0e-7cf4-4b03-1244-7b7c62225aa6-JerHlr-scaled.jpeg\",\"width\":2560,\"height\":1860},{\"@type\":\"BreadcrumbList\",\"@id\":\"https:\\\/\\\/contabilidadecaxias.com.br\\\/index.php\\\/2022\\\/06\\\/21\\\/empresa-de-laticinios-tera-de-reintegrar-consultor-contratado-em-cota-para-pessoas-com-deficiencia\\\/#breadcrumb\",\"itemListElement\":[{\"@type\":\"ListItem\",\"position\":1,\"name\":\"In\u00edcio\",\"item\":\"https:\\\/\\\/contabilidadecaxias.com.br\\\/\"},{\"@type\":\"ListItem\",\"position\":2,\"name\":\"Empresa de latic\u00ednios ter\u00e1 de reintegrar consultor contratado em cota para pessoas com defici\u00eancia\"}]},{\"@type\":\"WebSite\",\"@id\":\"https:\\\/\\\/contabilidadecaxias.com.br\\\/#website\",\"url\":\"https:\\\/\\\/contabilidadecaxias.com.br\\\/\",\"name\":\"Contabilidade Caxias\",\"description\":\"Site especializado em Contabilidade para Caxias.\",\"potentialAction\":[{\"@type\":\"SearchAction\",\"target\":{\"@type\":\"EntryPoint\",\"urlTemplate\":\"https:\\\/\\\/contabilidadecaxias.com.br\\\/?s={search_term_string}\"},\"query-input\":{\"@type\":\"PropertyValueSpecification\",\"valueRequired\":true,\"valueName\":\"search_term_string\"}}],\"inLanguage\":\"pt-BR\"}]}<\/script>\n<!-- \/ Yoast SEO plugin. -->","yoast_head_json":{"title":"Empresa de latic\u00ednios ter\u00e1 de reintegrar consultor contratado em cota para pessoas com defici\u00eancia - Contabilidade Caxias","robots":{"index":"index","follow":"follow","max-snippet":"max-snippet:-1","max-image-preview":"max-image-preview:large","max-video-preview":"max-video-preview:-1"},"canonical":"https:\/\/contabilidadecaxias.com.br\/index.php\/2022\/06\/21\/empresa-de-laticinios-tera-de-reintegrar-consultor-contratado-em-cota-para-pessoas-com-deficiencia\/","og_locale":"pt_BR","og_type":"article","og_title":"Empresa de latic\u00ednios ter\u00e1 de reintegrar consultor contratado em cota para pessoas com defici\u00eancia - Contabilidade Caxias","og_description":"O colegiado entendeu que a empresa descumpriu a lei de cotas 21-06-22- Por unanimidade, a Sexta Turma do Tribunal Superior do Trabalho reestabeleceu senten\u00e7a que determinou que a Nestl\u00e9 Brasil Ltda. reintegrasse um consultor de vendas contratado pela cota de pessoas com defici\u00eancia. O colegiado entendeu que a empresa descumpriu a lei por n\u00e3o haver [&hellip;]","og_url":"https:\/\/contabilidadecaxias.com.br\/index.php\/2022\/06\/21\/empresa-de-laticinios-tera-de-reintegrar-consultor-contratado-em-cota-para-pessoas-com-deficiencia\/","og_site_name":"Contabilidade Caxias","article_published_time":"2022-06-21T17:09:17+00:00","twitter_card":"summary_large_image","twitter_misc":{"Est. tempo de leitura":"3 minutos"},"schema":{"@context":"https:\/\/schema.org","@graph":[{"@type":"Article","@id":"https:\/\/contabilidadecaxias.com.br\/index.php\/2022\/06\/21\/empresa-de-laticinios-tera-de-reintegrar-consultor-contratado-em-cota-para-pessoas-com-deficiencia\/#article","isPartOf":{"@id":"https:\/\/contabilidadecaxias.com.br\/index.php\/2022\/06\/21\/empresa-de-laticinios-tera-de-reintegrar-consultor-contratado-em-cota-para-pessoas-com-deficiencia\/"},"author":{"name":"","@id":""},"headline":"Empresa de latic\u00ednios ter\u00e1 de reintegrar consultor contratado em cota para pessoas com defici\u00eancia","datePublished":"2022-06-21T17:09:17+00:00","mainEntityOfPage":{"@id":"https:\/\/contabilidadecaxias.com.br\/index.php\/2022\/06\/21\/empresa-de-laticinios-tera-de-reintegrar-consultor-contratado-em-cota-para-pessoas-com-deficiencia\/"},"wordCount":629,"commentCount":0,"image":{"@id":"https:\/\/contabilidadecaxias.com.br\/index.php\/2022\/06\/21\/empresa-de-laticinios-tera-de-reintegrar-consultor-contratado-em-cota-para-pessoas-com-deficiencia\/#primaryimage"},"thumbnailUrl":"https:\/\/contabilidadecaxias.com.br\/wp-content\/uploads\/2022\/06\/b19cee0e-7cf4-4b03-1244-7b7c62225aa6-JerHlr-scaled.jpeg","articleSection":["Educa\u00e7\u00e3o Financeira"],"inLanguage":"pt-BR","potentialAction":[{"@type":"CommentAction","name":"Comment","target":["https:\/\/contabilidadecaxias.com.br\/index.php\/2022\/06\/21\/empresa-de-laticinios-tera-de-reintegrar-consultor-contratado-em-cota-para-pessoas-com-deficiencia\/#respond"]}]},{"@type":"WebPage","@id":"https:\/\/contabilidadecaxias.com.br\/index.php\/2022\/06\/21\/empresa-de-laticinios-tera-de-reintegrar-consultor-contratado-em-cota-para-pessoas-com-deficiencia\/","url":"https:\/\/contabilidadecaxias.com.br\/index.php\/2022\/06\/21\/empresa-de-laticinios-tera-de-reintegrar-consultor-contratado-em-cota-para-pessoas-com-deficiencia\/","name":"Empresa de latic\u00ednios ter\u00e1 de reintegrar consultor contratado em cota para pessoas com defici\u00eancia - Contabilidade Caxias","isPartOf":{"@id":"https:\/\/contabilidadecaxias.com.br\/#website"},"primaryImageOfPage":{"@id":"https:\/\/contabilidadecaxias.com.br\/index.php\/2022\/06\/21\/empresa-de-laticinios-tera-de-reintegrar-consultor-contratado-em-cota-para-pessoas-com-deficiencia\/#primaryimage"},"image":{"@id":"https:\/\/contabilidadecaxias.com.br\/index.php\/2022\/06\/21\/empresa-de-laticinios-tera-de-reintegrar-consultor-contratado-em-cota-para-pessoas-com-deficiencia\/#primaryimage"},"thumbnailUrl":"https:\/\/contabilidadecaxias.com.br\/wp-content\/uploads\/2022\/06\/b19cee0e-7cf4-4b03-1244-7b7c62225aa6-JerHlr-scaled.jpeg","datePublished":"2022-06-21T17:09:17+00:00","author":{"@id":""},"breadcrumb":{"@id":"https:\/\/contabilidadecaxias.com.br\/index.php\/2022\/06\/21\/empresa-de-laticinios-tera-de-reintegrar-consultor-contratado-em-cota-para-pessoas-com-deficiencia\/#breadcrumb"},"inLanguage":"pt-BR","potentialAction":[{"@type":"ReadAction","target":["https:\/\/contabilidadecaxias.com.br\/index.php\/2022\/06\/21\/empresa-de-laticinios-tera-de-reintegrar-consultor-contratado-em-cota-para-pessoas-com-deficiencia\/"]}]},{"@type":"ImageObject","inLanguage":"pt-BR","@id":"https:\/\/contabilidadecaxias.com.br\/index.php\/2022\/06\/21\/empresa-de-laticinios-tera-de-reintegrar-consultor-contratado-em-cota-para-pessoas-com-deficiencia\/#primaryimage","url":"https:\/\/contabilidadecaxias.com.br\/wp-content\/uploads\/2022\/06\/b19cee0e-7cf4-4b03-1244-7b7c62225aa6-JerHlr-scaled.jpeg","contentUrl":"https:\/\/contabilidadecaxias.com.br\/wp-content\/uploads\/2022\/06\/b19cee0e-7cf4-4b03-1244-7b7c62225aa6-JerHlr-scaled.jpeg","width":2560,"height":1860},{"@type":"BreadcrumbList","@id":"https:\/\/contabilidadecaxias.com.br\/index.php\/2022\/06\/21\/empresa-de-laticinios-tera-de-reintegrar-consultor-contratado-em-cota-para-pessoas-com-deficiencia\/#breadcrumb","itemListElement":[{"@type":"ListItem","position":1,"name":"In\u00edcio","item":"https:\/\/contabilidadecaxias.com.br\/"},{"@type":"ListItem","position":2,"name":"Empresa de latic\u00ednios ter\u00e1 de reintegrar consultor contratado em cota para pessoas com defici\u00eancia"}]},{"@type":"WebSite","@id":"https:\/\/contabilidadecaxias.com.br\/#website","url":"https:\/\/contabilidadecaxias.com.br\/","name":"Contabilidade Caxias","description":"Site especializado em Contabilidade para Caxias.","potentialAction":[{"@type":"SearchAction","target":{"@type":"EntryPoint","urlTemplate":"https:\/\/contabilidadecaxias.com.br\/?s={search_term_string}"},"query-input":{"@type":"PropertyValueSpecification","valueRequired":true,"valueName":"search_term_string"}}],"inLanguage":"pt-BR"}]}},"_links":{"self":[{"href":"https:\/\/contabilidadecaxias.com.br\/index.php\/wp-json\/wp\/v2\/posts\/11202","targetHints":{"allow":["GET"]}}],"collection":[{"href":"https:\/\/contabilidadecaxias.com.br\/index.php\/wp-json\/wp\/v2\/posts"}],"about":[{"href":"https:\/\/contabilidadecaxias.com.br\/index.php\/wp-json\/wp\/v2\/types\/post"}],"replies":[{"embeddable":true,"href":"https:\/\/contabilidadecaxias.com.br\/index.php\/wp-json\/wp\/v2\/comments?post=11202"}],"version-history":[{"count":0,"href":"https:\/\/contabilidadecaxias.com.br\/index.php\/wp-json\/wp\/v2\/posts\/11202\/revisions"}],"wp:featuredmedia":[{"embeddable":true,"href":"https:\/\/contabilidadecaxias.com.br\/index.php\/wp-json\/wp\/v2\/media\/11203"}],"wp:attachment":[{"href":"https:\/\/contabilidadecaxias.com.br\/index.php\/wp-json\/wp\/v2\/media?parent=11202"}],"wp:term":[{"taxonomy":"category","embeddable":true,"href":"https:\/\/contabilidadecaxias.com.br\/index.php\/wp-json\/wp\/v2\/categories?post=11202"},{"taxonomy":"post_tag","embeddable":true,"href":"https:\/\/contabilidadecaxias.com.br\/index.php\/wp-json\/wp\/v2\/tags?post=11202"}],"curies":[{"name":"wp","href":"https:\/\/api.w.org\/{rel}","templated":true}]}}