{"id":11190,"date":"2022-06-20T20:03:33","date_gmt":"2022-06-20T23:03:33","guid":{"rendered":"https:\/\/contabilidadecaxias.com.br\/index.php\/2022\/06\/20\/ministro-caputo-bastos-inicia-correicao-no-trt24-ms\/"},"modified":"2022-06-20T20:03:33","modified_gmt":"2022-06-20T23:03:33","slug":"ministro-caputo-bastos-inicia-correicao-no-trt24-ms","status":"publish","type":"post","link":"https:\/\/contabilidadecaxias.com.br\/index.php\/2022\/06\/20\/ministro-caputo-bastos-inicia-correicao-no-trt24-ms\/","title":{"rendered":"Ministro Caputo Bastos inicia correi\u00e7\u00e3o no TRT24 (MS)"},"content":{"rendered":"<div class=\"noticia-wrapper\">\n<p><em><\/p>\n<p>O corregedor-geral da Justi\u00e7a do Trabalho foi recebido pelo presidente do tribunal, desembargador Andr\u00e9 Oliveira e pelo vice-presidente, desembargador Jo\u00e3o Marcelo.<\/p>\n<p><\/em><\/p>\n<div class=\"social-media-share mobile\">\n        <a class=\"share-facebook\" href=\"https:\/\/www.facebook.com\/sharer.php?u=https:\/\/www.tst.jus.br\/-\/ministro-caputo-bastos-inicia-correi%C3%A7%C3%A3o-no-trt24-ms-\" target=\"_blank\" rel=\"noopener\"><\/a><br \/>\n        <a class=\"share-twitter\" href=\"https:\/\/twitter.com\/intent\/tweet?text=Ministro%20Caputo%20Bastos%20inicia%20correi%C3%A7%C3%A3o%20no%20TRT24%20(MS)%0AVeja%20mais%20em:&amp;url=https:\/\/www.tst.jus.br\/-\/ministro-caputo-bastos-inicia-correi%C3%A7%C3%A3o-no-trt24-ms-\" target=\"_blank\" rel=\"noopener\"><\/a><br \/>\n        <a class=\"share-linkedin\" href=\"https:\/\/www.linkedin.com\/shareArticle?mini=true&amp;url=https:\/\/www.tst.jus.br\/-\/ministro-caputo-bastos-inicia-correi%C3%A7%C3%A3o-no-trt24-ms-&amp;title=Ministro%20Caputo%20Bastos%20inicia%20correi%C3%A7%C3%A3o%20no%20TRT24%20(MS)\" target=\"_blank\" rel=\"noopener\"><\/a><br \/>\n        <a class=\"share-whatsapp\" href=\"https:\/\/web.whatsapp.com\/send?text=https:\/\/www.tst.jus.br\/-\/ministro-caputo-bastos-inicia-correi%C3%A7%C3%A3o-no-trt24-ms-\" target=\"_blank\" rel=\"noopener\"><\/a><br \/>\n        <a class=\"share-googleplus\" href=\"https:\/\/plus.google.com\/share?url=https:\/\/www.tst.jus.br\/-\/ministro-caputo-bastos-inicia-correi%C3%A7%C3%A3o-no-trt24-ms-\" target=\"_blank\" rel=\"noopener\"><\/a>\n    <\/div>\n<div class=\"news-body\">\n<div class=\"imagem-da-noticia\">\n<p>Ministro Caputo Bastos (direita) durante correi\u00e7\u00e3o no TRT-24 (Foto: TRT da 24\u00aa Regi\u00e3o)<\/p>\n<div class=\"social-media-share\">\n                    <a class=\"share-facebook\" href=\"https:\/\/www.facebook.com\/sharer.php?u=https:\/\/www.tst.jus.br\/-\/ministro-caputo-bastos-inicia-correi%C3%A7%C3%A3o-no-trt24-ms-\" target=\"_blank\" rel=\"noopener\"><\/a><br \/>\n                    <a class=\"share-twitter\" href=\"https:\/\/twitter.com\/intent\/tweet?text=Ministro%20Caputo%20Bastos%20inicia%20correi%C3%A7%C3%A3o%20no%20TRT24%20(MS)%0AVeja%20mais%20em:&amp;url=https:\/\/www.tst.jus.br\/-\/ministro-caputo-bastos-inicia-correi%C3%A7%C3%A3o-no-trt24-ms-\" target=\"_blank\" rel=\"noopener\"><\/a><br \/>\n                    <a class=\"share-linkedin\" href=\"https:\/\/www.linkedin.com\/shareArticle?mini=true&amp;url=https:\/\/www.tst.jus.br\/-\/ministro-caputo-bastos-inicia-correi%C3%A7%C3%A3o-no-trt24-ms-&amp;title=Ministro%20Caputo%20Bastos%20inicia%20correi%C3%A7%C3%A3o%20no%20TRT24%20(MS)\" target=\"_blank\" rel=\"noopener\"><\/a><br \/>\n                    <a class=\"share-whatsapp\" href=\"https:\/\/web.whatsapp.com\/send?text=https:\/\/www.tst.jus.br\/-\/ministro-caputo-bastos-inicia-correi%C3%A7%C3%A3o-no-trt24-ms-\" target=\"_blank\" rel=\"noopener\"><\/a><br \/>\n                    <a class=\"share-googleplus\" href=\"https:\/\/plus.google.com\/share?url=https:\/\/www.tst.jus.br\/-\/ministro-caputo-bastos-inicia-correi%C3%A7%C3%A3o-no-trt24-ms-\" target=\"_blank\" rel=\"noopener\"><\/a>\n                <\/div>\n<\/p><\/div>\n<div class=\"materia\">\n<p><strong>20\/6\/2022<\/strong> &#8211; O corregedor-geral da Justi\u00e7a do Trabalho, ministro Caputo Bastos, abriu, nesta segunda-feira (20), a correi\u00e7\u00e3o ordin\u00e1ria no Tribunal Regional do Trabalho da 24\u00aa Regi\u00e3o (MS). O ministro foi recebido pelo presidente do tribunal, desembargador Andr\u00e9 Oliveira e pelo vice-presidente, desembargador Jo\u00e3o Marcelo.<\/p>\n<p>O ministro e a equipe da corregedoria foram apresentados \u00e0s dire\u00e7\u00f5es \u00a0e chefes das unidades administrativas e judici\u00e1rias envolvidas na correi\u00e7\u00e3o ordin\u00e1ria. &#8220;Estou iniciando a correi\u00e7\u00e3o, mas j\u00e1 quero deixar aqui registrados os meus parab\u00e9ns porque o Tribunal vai muito bem&#8221;. E ainda frisou que algumas recomenda\u00e7\u00f5es ao final da semana s\u00e3o necess\u00e1rias e, muitas vezes, indispens\u00e1veis diante da quantidade de normas impostas pelo Conselho Nacional de Justi\u00e7a (CNJ) e do Conselho Superior da Justi\u00e7a do Trabalho (CSJT).<\/p>\n<p>Ao dar boas-vindas, o presidente do TRT-24 (MS) deu boas-vindas ao ministro, destacando que ele presidiu o TRT de Mato Grosso quando era desembargador. &#8220;\u00c9 uma satisfa\u00e7\u00e3o e uma alegria imensa receber o senhor e toda sua equipe. Vossa Excel\u00eancia sabe que a gest\u00e3o de um tribunal \u00e9 algo extremamente complexo, detalhado, que exige uma dedica\u00e7\u00e3o di\u00e1ria de toda equipe. Ent\u00e3o, Vossa Excel\u00eancia tem um olhar muito mais profundo, muito mais amplo, mais sens\u00edvel e at\u00e9 mais complacente, eu diria, porque Vossa Excel\u00eancia j\u00e1 esteve nessa fun\u00e7\u00e3o&#8221;.<\/p>\n<p><strong>Agenda<\/strong><\/p>\n<p>At\u00e9 quinta-feira, ser\u00e3o verificados pontos como o cumprimento de prazos, aspectos estruturais e administrativos, al\u00e9m da produtividade de magistrados e servidores. No \u00faltimo dia da correi\u00e7\u00e3o, \u00e0s 15h, o corregedor apresentar\u00e1 o resultado final dos trabalhos, em audi\u00eancia p\u00fablica para leitura da ata de correi\u00e7\u00e3o.<\/p>\n<p>Veja tamb\u00e9m:\u00a0<a href=\"https:\/\/www.csjt.jus.br\/web\/csjt\/noticias3\/-\/asset_publisher\/RPt2\/content\/id\/10411349\" target=\"_blank\" rel=\"noopener\"><strong>TRT-24 (MS) inicia arrecada\u00e7\u00e3o de alimentos para campanha &#8220;Corregedoria Solid\u00e1ria&#8221;<\/strong><\/a><\/p>\n<p><strong>Corregedoria-Geral<\/strong><\/p>\n<p>A Corregedoria-Geral da Justi\u00e7a do Trabalho \u00e9 o \u00f3rg\u00e3o respons\u00e1vel pela fiscaliza\u00e7\u00e3o, disciplina e orienta\u00e7\u00e3o da administra\u00e7\u00e3o da Justi\u00e7a do Trabalho sobre os TRTs, seus magistrados e servi\u00e7os judici\u00e1rios. Ministro do Tribunal Superior do Trabalho desde 2007, Caputo Bastos \u00a0foi eleito corregedor-geral da Justi\u00e7a do Trabalho em dezembro de 2021.\u00a0<\/p>\n<p>De acordo com o artigo 709 da CLT, compete \u00e0 Corregedoria-Geral exercer fun\u00e7\u00f5es de inspe\u00e7\u00e3o e correi\u00e7\u00e3o permanente com rela\u00e7\u00e3o aos Tribunais Regionais e seus presidentes e decidir reclama\u00e7\u00f5es contra atos que afetem a boa ordem processual. Est\u00e3o sujeitos a essa a\u00e7\u00e3o fiscalizadora os presidentes, os desembargadores, as se\u00e7\u00f5es e os servi\u00e7os judici\u00e1rios dos TRTs, para a verifica\u00e7\u00e3o do andamento dos processos, da regularidade dos servi\u00e7os, da observ\u00e2ncia de prazos e de seus regimentos internos.<\/p>\n<p><em>Com informa\u00e7\u00f5es do <strong><a href=\"https:\/\/www.trt24.jus.br\/web\/guest\/-\/ministro-caputo-bastos-inicia-correicao-no-trt24?inheritRedirect=true&amp;redirect=\/web\/guest\/home\" target=\"_blank\" rel=\"noopener\">TRT da 24\u00aa Regi\u00e3o<\/a><\/strong><\/em><\/p>\n<\/div><\/div>\n<\/div>\n","protected":false},"excerpt":{"rendered":"<p>O corregedor-geral da Justi\u00e7a do Trabalho foi recebido pelo presidente do tribunal, desembargador Andr\u00e9 Oliveira e pelo vice-presidente, desembargador Jo\u00e3o Marcelo. Ministro Caputo Bastos (direita) durante correi\u00e7\u00e3o no TRT-24 (Foto: TRT da 24\u00aa Regi\u00e3o) 20\/6\/2022 &#8211; O corregedor-geral da Justi\u00e7a do Trabalho, ministro Caputo Bastos, abriu, nesta segunda-feira (20), a correi\u00e7\u00e3o ordin\u00e1ria no Tribunal Regional [&hellip;]<\/p>\n","protected":false},"author":0,"featured_media":11191,"comment_status":"open","ping_status":"","sticky":false,"template":"","format":"standard","meta":{"footnotes":""},"categories":[5],"tags":[],"class_list":["post-11190","post","type-post","status-publish","format-standard","has-post-thumbnail","hentry","category-noticias-educacao-financeira"],"blocksy_meta":{"styles_descriptor":{"styles":{"desktop":"","tablet":"","mobile":""},"google_fonts":[],"version":6}},"yoast_head":"<!-- This site is optimized with the Yoast SEO plugin v27.4 - https:\/\/yoast.com\/product\/yoast-seo-wordpress\/ -->\n<title>Ministro Caputo Bastos inicia correi\u00e7\u00e3o no TRT24 (MS) - Contabilidade Caxias<\/title>\n<meta name=\"robots\" content=\"index, follow, max-snippet:-1, max-image-preview:large, max-video-preview:-1\" \/>\n<link rel=\"canonical\" href=\"https:\/\/contabilidadecaxias.com.br\/index.php\/2022\/06\/20\/ministro-caputo-bastos-inicia-correicao-no-trt24-ms\/\" \/>\n<meta property=\"og:locale\" content=\"pt_BR\" \/>\n<meta property=\"og:type\" content=\"article\" \/>\n<meta property=\"og:title\" content=\"Ministro Caputo Bastos inicia correi\u00e7\u00e3o no TRT24 (MS) - Contabilidade Caxias\" \/>\n<meta property=\"og:description\" content=\"O corregedor-geral da Justi\u00e7a do Trabalho foi recebido pelo presidente do tribunal, desembargador Andr\u00e9 Oliveira e pelo vice-presidente, desembargador Jo\u00e3o Marcelo. Ministro Caputo Bastos (direita) durante correi\u00e7\u00e3o no TRT-24 (Foto: TRT da 24\u00aa Regi\u00e3o) 20\/6\/2022 &#8211; O corregedor-geral da Justi\u00e7a do Trabalho, ministro Caputo Bastos, abriu, nesta segunda-feira (20), a correi\u00e7\u00e3o ordin\u00e1ria no Tribunal Regional [&hellip;]\" \/>\n<meta property=\"og:url\" content=\"https:\/\/contabilidadecaxias.com.br\/index.php\/2022\/06\/20\/ministro-caputo-bastos-inicia-correicao-no-trt24-ms\/\" \/>\n<meta property=\"og:site_name\" content=\"Contabilidade Caxias\" \/>\n<meta property=\"article:published_time\" content=\"2022-06-20T23:03:33+00:00\" \/>\n<meta name=\"twitter:card\" content=\"summary_large_image\" \/>\n<meta name=\"twitter:label1\" content=\"Est. tempo de leitura\" \/>\n\t<meta name=\"twitter:data1\" content=\"2 minutos\" \/>\n<script type=\"application\/ld+json\" class=\"yoast-schema-graph\">{\"@context\":\"https:\\\/\\\/schema.org\",\"@graph\":[{\"@type\":\"Article\",\"@id\":\"https:\\\/\\\/contabilidadecaxias.com.br\\\/index.php\\\/2022\\\/06\\\/20\\\/ministro-caputo-bastos-inicia-correicao-no-trt24-ms\\\/#article\",\"isPartOf\":{\"@id\":\"https:\\\/\\\/contabilidadecaxias.com.br\\\/index.php\\\/2022\\\/06\\\/20\\\/ministro-caputo-bastos-inicia-correicao-no-trt24-ms\\\/\"},\"author\":{\"name\":\"\",\"@id\":\"\"},\"headline\":\"Ministro Caputo Bastos inicia correi\u00e7\u00e3o no TRT24 (MS)\",\"datePublished\":\"2022-06-20T23:03:33+00:00\",\"mainEntityOfPage\":{\"@id\":\"https:\\\/\\\/contabilidadecaxias.com.br\\\/index.php\\\/2022\\\/06\\\/20\\\/ministro-caputo-bastos-inicia-correicao-no-trt24-ms\\\/\"},\"wordCount\":496,\"commentCount\":0,\"image\":{\"@id\":\"https:\\\/\\\/contabilidadecaxias.com.br\\\/index.php\\\/2022\\\/06\\\/20\\\/ministro-caputo-bastos-inicia-correicao-no-trt24-ms\\\/#primaryimage\"},\"thumbnailUrl\":\"https:\\\/\\\/contabilidadecaxias.com.br\\\/wp-content\\\/uploads\\\/2022\\\/06\\\/8f65a9ae-cc56-4250-3854-9745357c9d11-9pJCam-scaled.jpeg\",\"articleSection\":[\"Educa\u00e7\u00e3o Financeira\"],\"inLanguage\":\"pt-BR\",\"potentialAction\":[{\"@type\":\"CommentAction\",\"name\":\"Comment\",\"target\":[\"https:\\\/\\\/contabilidadecaxias.com.br\\\/index.php\\\/2022\\\/06\\\/20\\\/ministro-caputo-bastos-inicia-correicao-no-trt24-ms\\\/#respond\"]}]},{\"@type\":\"WebPage\",\"@id\":\"https:\\\/\\\/contabilidadecaxias.com.br\\\/index.php\\\/2022\\\/06\\\/20\\\/ministro-caputo-bastos-inicia-correicao-no-trt24-ms\\\/\",\"url\":\"https:\\\/\\\/contabilidadecaxias.com.br\\\/index.php\\\/2022\\\/06\\\/20\\\/ministro-caputo-bastos-inicia-correicao-no-trt24-ms\\\/\",\"name\":\"Ministro Caputo Bastos inicia correi\u00e7\u00e3o no TRT24 (MS) - Contabilidade Caxias\",\"isPartOf\":{\"@id\":\"https:\\\/\\\/contabilidadecaxias.com.br\\\/#website\"},\"primaryImageOfPage\":{\"@id\":\"https:\\\/\\\/contabilidadecaxias.com.br\\\/index.php\\\/2022\\\/06\\\/20\\\/ministro-caputo-bastos-inicia-correicao-no-trt24-ms\\\/#primaryimage\"},\"image\":{\"@id\":\"https:\\\/\\\/contabilidadecaxias.com.br\\\/index.php\\\/2022\\\/06\\\/20\\\/ministro-caputo-bastos-inicia-correicao-no-trt24-ms\\\/#primaryimage\"},\"thumbnailUrl\":\"https:\\\/\\\/contabilidadecaxias.com.br\\\/wp-content\\\/uploads\\\/2022\\\/06\\\/8f65a9ae-cc56-4250-3854-9745357c9d11-9pJCam-scaled.jpeg\",\"datePublished\":\"2022-06-20T23:03:33+00:00\",\"author\":{\"@id\":\"\"},\"breadcrumb\":{\"@id\":\"https:\\\/\\\/contabilidadecaxias.com.br\\\/index.php\\\/2022\\\/06\\\/20\\\/ministro-caputo-bastos-inicia-correicao-no-trt24-ms\\\/#breadcrumb\"},\"inLanguage\":\"pt-BR\",\"potentialAction\":[{\"@type\":\"ReadAction\",\"target\":[\"https:\\\/\\\/contabilidadecaxias.com.br\\\/index.php\\\/2022\\\/06\\\/20\\\/ministro-caputo-bastos-inicia-correicao-no-trt24-ms\\\/\"]}]},{\"@type\":\"ImageObject\",\"inLanguage\":\"pt-BR\",\"@id\":\"https:\\\/\\\/contabilidadecaxias.com.br\\\/index.php\\\/2022\\\/06\\\/20\\\/ministro-caputo-bastos-inicia-correicao-no-trt24-ms\\\/#primaryimage\",\"url\":\"https:\\\/\\\/contabilidadecaxias.com.br\\\/wp-content\\\/uploads\\\/2022\\\/06\\\/8f65a9ae-cc56-4250-3854-9745357c9d11-9pJCam-scaled.jpeg\",\"contentUrl\":\"https:\\\/\\\/contabilidadecaxias.com.br\\\/wp-content\\\/uploads\\\/2022\\\/06\\\/8f65a9ae-cc56-4250-3854-9745357c9d11-9pJCam-scaled.jpeg\",\"width\":2560,\"height\":1622},{\"@type\":\"BreadcrumbList\",\"@id\":\"https:\\\/\\\/contabilidadecaxias.com.br\\\/index.php\\\/2022\\\/06\\\/20\\\/ministro-caputo-bastos-inicia-correicao-no-trt24-ms\\\/#breadcrumb\",\"itemListElement\":[{\"@type\":\"ListItem\",\"position\":1,\"name\":\"In\u00edcio\",\"item\":\"https:\\\/\\\/contabilidadecaxias.com.br\\\/\"},{\"@type\":\"ListItem\",\"position\":2,\"name\":\"Ministro Caputo Bastos inicia correi\u00e7\u00e3o no TRT24 (MS)\"}]},{\"@type\":\"WebSite\",\"@id\":\"https:\\\/\\\/contabilidadecaxias.com.br\\\/#website\",\"url\":\"https:\\\/\\\/contabilidadecaxias.com.br\\\/\",\"name\":\"Contabilidade Caxias\",\"description\":\"Site especializado em Contabilidade para Caxias.\",\"potentialAction\":[{\"@type\":\"SearchAction\",\"target\":{\"@type\":\"EntryPoint\",\"urlTemplate\":\"https:\\\/\\\/contabilidadecaxias.com.br\\\/?s={search_term_string}\"},\"query-input\":{\"@type\":\"PropertyValueSpecification\",\"valueRequired\":true,\"valueName\":\"search_term_string\"}}],\"inLanguage\":\"pt-BR\"}]}<\/script>\n<!-- \/ Yoast SEO plugin. -->","yoast_head_json":{"title":"Ministro Caputo Bastos inicia correi\u00e7\u00e3o no TRT24 (MS) - Contabilidade Caxias","robots":{"index":"index","follow":"follow","max-snippet":"max-snippet:-1","max-image-preview":"max-image-preview:large","max-video-preview":"max-video-preview:-1"},"canonical":"https:\/\/contabilidadecaxias.com.br\/index.php\/2022\/06\/20\/ministro-caputo-bastos-inicia-correicao-no-trt24-ms\/","og_locale":"pt_BR","og_type":"article","og_title":"Ministro Caputo Bastos inicia correi\u00e7\u00e3o no TRT24 (MS) - Contabilidade Caxias","og_description":"O corregedor-geral da Justi\u00e7a do Trabalho foi recebido pelo presidente do tribunal, desembargador Andr\u00e9 Oliveira e pelo vice-presidente, desembargador Jo\u00e3o Marcelo. Ministro Caputo Bastos (direita) durante correi\u00e7\u00e3o no TRT-24 (Foto: TRT da 24\u00aa Regi\u00e3o) 20\/6\/2022 &#8211; O corregedor-geral da Justi\u00e7a do Trabalho, ministro Caputo Bastos, abriu, nesta segunda-feira (20), a correi\u00e7\u00e3o ordin\u00e1ria no Tribunal Regional [&hellip;]","og_url":"https:\/\/contabilidadecaxias.com.br\/index.php\/2022\/06\/20\/ministro-caputo-bastos-inicia-correicao-no-trt24-ms\/","og_site_name":"Contabilidade Caxias","article_published_time":"2022-06-20T23:03:33+00:00","twitter_card":"summary_large_image","twitter_misc":{"Est. tempo de leitura":"2 minutos"},"schema":{"@context":"https:\/\/schema.org","@graph":[{"@type":"Article","@id":"https:\/\/contabilidadecaxias.com.br\/index.php\/2022\/06\/20\/ministro-caputo-bastos-inicia-correicao-no-trt24-ms\/#article","isPartOf":{"@id":"https:\/\/contabilidadecaxias.com.br\/index.php\/2022\/06\/20\/ministro-caputo-bastos-inicia-correicao-no-trt24-ms\/"},"author":{"name":"","@id":""},"headline":"Ministro Caputo Bastos inicia correi\u00e7\u00e3o no TRT24 (MS)","datePublished":"2022-06-20T23:03:33+00:00","mainEntityOfPage":{"@id":"https:\/\/contabilidadecaxias.com.br\/index.php\/2022\/06\/20\/ministro-caputo-bastos-inicia-correicao-no-trt24-ms\/"},"wordCount":496,"commentCount":0,"image":{"@id":"https:\/\/contabilidadecaxias.com.br\/index.php\/2022\/06\/20\/ministro-caputo-bastos-inicia-correicao-no-trt24-ms\/#primaryimage"},"thumbnailUrl":"https:\/\/contabilidadecaxias.com.br\/wp-content\/uploads\/2022\/06\/8f65a9ae-cc56-4250-3854-9745357c9d11-9pJCam-scaled.jpeg","articleSection":["Educa\u00e7\u00e3o Financeira"],"inLanguage":"pt-BR","potentialAction":[{"@type":"CommentAction","name":"Comment","target":["https:\/\/contabilidadecaxias.com.br\/index.php\/2022\/06\/20\/ministro-caputo-bastos-inicia-correicao-no-trt24-ms\/#respond"]}]},{"@type":"WebPage","@id":"https:\/\/contabilidadecaxias.com.br\/index.php\/2022\/06\/20\/ministro-caputo-bastos-inicia-correicao-no-trt24-ms\/","url":"https:\/\/contabilidadecaxias.com.br\/index.php\/2022\/06\/20\/ministro-caputo-bastos-inicia-correicao-no-trt24-ms\/","name":"Ministro Caputo Bastos inicia correi\u00e7\u00e3o no TRT24 (MS) - Contabilidade Caxias","isPartOf":{"@id":"https:\/\/contabilidadecaxias.com.br\/#website"},"primaryImageOfPage":{"@id":"https:\/\/contabilidadecaxias.com.br\/index.php\/2022\/06\/20\/ministro-caputo-bastos-inicia-correicao-no-trt24-ms\/#primaryimage"},"image":{"@id":"https:\/\/contabilidadecaxias.com.br\/index.php\/2022\/06\/20\/ministro-caputo-bastos-inicia-correicao-no-trt24-ms\/#primaryimage"},"thumbnailUrl":"https:\/\/contabilidadecaxias.com.br\/wp-content\/uploads\/2022\/06\/8f65a9ae-cc56-4250-3854-9745357c9d11-9pJCam-scaled.jpeg","datePublished":"2022-06-20T23:03:33+00:00","author":{"@id":""},"breadcrumb":{"@id":"https:\/\/contabilidadecaxias.com.br\/index.php\/2022\/06\/20\/ministro-caputo-bastos-inicia-correicao-no-trt24-ms\/#breadcrumb"},"inLanguage":"pt-BR","potentialAction":[{"@type":"ReadAction","target":["https:\/\/contabilidadecaxias.com.br\/index.php\/2022\/06\/20\/ministro-caputo-bastos-inicia-correicao-no-trt24-ms\/"]}]},{"@type":"ImageObject","inLanguage":"pt-BR","@id":"https:\/\/contabilidadecaxias.com.br\/index.php\/2022\/06\/20\/ministro-caputo-bastos-inicia-correicao-no-trt24-ms\/#primaryimage","url":"https:\/\/contabilidadecaxias.com.br\/wp-content\/uploads\/2022\/06\/8f65a9ae-cc56-4250-3854-9745357c9d11-9pJCam-scaled.jpeg","contentUrl":"https:\/\/contabilidadecaxias.com.br\/wp-content\/uploads\/2022\/06\/8f65a9ae-cc56-4250-3854-9745357c9d11-9pJCam-scaled.jpeg","width":2560,"height":1622},{"@type":"BreadcrumbList","@id":"https:\/\/contabilidadecaxias.com.br\/index.php\/2022\/06\/20\/ministro-caputo-bastos-inicia-correicao-no-trt24-ms\/#breadcrumb","itemListElement":[{"@type":"ListItem","position":1,"name":"In\u00edcio","item":"https:\/\/contabilidadecaxias.com.br\/"},{"@type":"ListItem","position":2,"name":"Ministro Caputo Bastos inicia correi\u00e7\u00e3o no TRT24 (MS)"}]},{"@type":"WebSite","@id":"https:\/\/contabilidadecaxias.com.br\/#website","url":"https:\/\/contabilidadecaxias.com.br\/","name":"Contabilidade Caxias","description":"Site especializado em Contabilidade para Caxias.","potentialAction":[{"@type":"SearchAction","target":{"@type":"EntryPoint","urlTemplate":"https:\/\/contabilidadecaxias.com.br\/?s={search_term_string}"},"query-input":{"@type":"PropertyValueSpecification","valueRequired":true,"valueName":"search_term_string"}}],"inLanguage":"pt-BR"}]}},"_links":{"self":[{"href":"https:\/\/contabilidadecaxias.com.br\/index.php\/wp-json\/wp\/v2\/posts\/11190","targetHints":{"allow":["GET"]}}],"collection":[{"href":"https:\/\/contabilidadecaxias.com.br\/index.php\/wp-json\/wp\/v2\/posts"}],"about":[{"href":"https:\/\/contabilidadecaxias.com.br\/index.php\/wp-json\/wp\/v2\/types\/post"}],"replies":[{"embeddable":true,"href":"https:\/\/contabilidadecaxias.com.br\/index.php\/wp-json\/wp\/v2\/comments?post=11190"}],"version-history":[{"count":0,"href":"https:\/\/contabilidadecaxias.com.br\/index.php\/wp-json\/wp\/v2\/posts\/11190\/revisions"}],"wp:featuredmedia":[{"embeddable":true,"href":"https:\/\/contabilidadecaxias.com.br\/index.php\/wp-json\/wp\/v2\/media\/11191"}],"wp:attachment":[{"href":"https:\/\/contabilidadecaxias.com.br\/index.php\/wp-json\/wp\/v2\/media?parent=11190"}],"wp:term":[{"taxonomy":"category","embeddable":true,"href":"https:\/\/contabilidadecaxias.com.br\/index.php\/wp-json\/wp\/v2\/categories?post=11190"},{"taxonomy":"post_tag","embeddable":true,"href":"https:\/\/contabilidadecaxias.com.br\/index.php\/wp-json\/wp\/v2\/tags?post=11190"}],"curies":[{"name":"wp","href":"https:\/\/api.w.org\/{rel}","templated":true}]}}