{"id":11183,"date":"2022-06-20T17:09:11","date_gmt":"2022-06-20T20:09:11","guid":{"rendered":"https:\/\/contabilidadecaxias.com.br\/index.php\/2022\/06\/20\/mantida-validade-de-norma-coletiva-que-preve-contribuicao-de-empresa-para-sindicato-profissional\/"},"modified":"2022-06-20T17:09:11","modified_gmt":"2022-06-20T20:09:11","slug":"mantida-validade-de-norma-coletiva-que-preve-contribuicao-de-empresa-para-sindicato-profissional","status":"publish","type":"post","link":"https:\/\/contabilidadecaxias.com.br\/index.php\/2022\/06\/20\/mantida-validade-de-norma-coletiva-que-preve-contribuicao-de-empresa-para-sindicato-profissional\/","title":{"rendered":"Mantida validade de norma coletiva que prev\u00ea contribui\u00e7\u00e3o de empresa para sindicato profissional"},"content":{"rendered":"<div class=\"noticia-wrapper\">\n<p><em><\/p>\n<p>N\u00e3o houve prova de inger\u00eancia das empresas nas atividades sindicais<\/p>\n<p><\/em><\/p>\n<div class=\"social-media-share mobile\">\n        <a class=\"share-facebook\" href=\"https:\/\/www.facebook.com\/sharer.php?u=https:\/\/www.tst.jus.br\/-\/mantida-validade-de-norma-coletiva-que-prev%C3%AA-contribui%C3%A7%C3%A3o-de-empresa-para-sindicato-profissional\" target=\"_blank\" rel=\"noopener\"><\/a><br \/>\n        <a class=\"share-twitter\" href=\"https:\/\/twitter.com\/intent\/tweet?text=Mantida%20validade%20de%20norma%20coletiva%20que%20prev%C3%AA%20contribui%C3%A7%C3%A3o%20de%20empresa%20para%20sindicato%20profissional%0AVeja%20mais%20em:&amp;url=https:\/\/www.tst.jus.br\/-\/mantida-validade-de-norma-coletiva-que-prev%C3%AA-contribui%C3%A7%C3%A3o-de-empresa-para-sindicato-profissional\" target=\"_blank\" rel=\"noopener\"><\/a><br \/>\n        <a class=\"share-linkedin\" href=\"https:\/\/www.linkedin.com\/shareArticle?mini=true&amp;url=https:\/\/www.tst.jus.br\/-\/mantida-validade-de-norma-coletiva-que-prev%C3%AA-contribui%C3%A7%C3%A3o-de-empresa-para-sindicato-profissional&amp;title=Mantida%20validade%20de%20norma%20coletiva%20que%20prev%C3%AA%20contribui%C3%A7%C3%A3o%20de%20empresa%20para%20sindicato%20profissional\" target=\"_blank\" rel=\"noopener\"><\/a><br \/>\n        <a class=\"share-whatsapp\" href=\"https:\/\/web.whatsapp.com\/send?text=https:\/\/www.tst.jus.br\/-\/mantida-validade-de-norma-coletiva-que-prev%C3%AA-contribui%C3%A7%C3%A3o-de-empresa-para-sindicato-profissional\" target=\"_blank\" rel=\"noopener\"><\/a><br \/>\n        <a class=\"share-googleplus\" href=\"https:\/\/plus.google.com\/share?url=https:\/\/www.tst.jus.br\/-\/mantida-validade-de-norma-coletiva-que-prev%C3%AA-contribui%C3%A7%C3%A3o-de-empresa-para-sindicato-profissional\" target=\"_blank\" rel=\"noopener\"><\/a>\n    <\/div>\n<div class=\"news-body\">\n<div class=\"imagem-da-noticia\">\n<p>Foto ministra Maria Helena Mallmann em sess\u00e3o<\/p>\n<div class=\"social-media-share\">\n                    <a class=\"share-facebook\" href=\"https:\/\/www.facebook.com\/sharer.php?u=https:\/\/www.tst.jus.br\/-\/mantida-validade-de-norma-coletiva-que-prev%C3%AA-contribui%C3%A7%C3%A3o-de-empresa-para-sindicato-profissional\" target=\"_blank\" rel=\"noopener\"><\/a><br \/>\n                    <a class=\"share-twitter\" href=\"https:\/\/twitter.com\/intent\/tweet?text=Mantida%20validade%20de%20norma%20coletiva%20que%20prev%C3%AA%20contribui%C3%A7%C3%A3o%20de%20empresa%20para%20sindicato%20profissional%0AVeja%20mais%20em:&amp;url=https:\/\/www.tst.jus.br\/-\/mantida-validade-de-norma-coletiva-que-prev%C3%AA-contribui%C3%A7%C3%A3o-de-empresa-para-sindicato-profissional\" target=\"_blank\" rel=\"noopener\"><\/a><br \/>\n                    <a class=\"share-linkedin\" href=\"https:\/\/www.linkedin.com\/shareArticle?mini=true&amp;url=https:\/\/www.tst.jus.br\/-\/mantida-validade-de-norma-coletiva-que-prev%C3%AA-contribui%C3%A7%C3%A3o-de-empresa-para-sindicato-profissional&amp;title=Mantida%20validade%20de%20norma%20coletiva%20que%20prev%C3%AA%20contribui%C3%A7%C3%A3o%20de%20empresa%20para%20sindicato%20profissional\" target=\"_blank\" rel=\"noopener\"><\/a><br \/>\n                    <a class=\"share-whatsapp\" href=\"https:\/\/web.whatsapp.com\/send?text=https:\/\/www.tst.jus.br\/-\/mantida-validade-de-norma-coletiva-que-prev%C3%AA-contribui%C3%A7%C3%A3o-de-empresa-para-sindicato-profissional\" target=\"_blank\" rel=\"noopener\"><\/a><br \/>\n                    <a class=\"share-googleplus\" href=\"https:\/\/plus.google.com\/share?url=https:\/\/www.tst.jus.br\/-\/mantida-validade-de-norma-coletiva-que-prev%C3%AA-contribui%C3%A7%C3%A3o-de-empresa-para-sindicato-profissional\" target=\"_blank\" rel=\"noopener\"><\/a>\n                <\/div>\n<\/p><\/div>\n<div class=\"materia\">\n<p>20-06-22 -A Segunda Turma do Tribunal Superior do Trabalho rejeitou o recurso do Minist\u00e9rio P\u00fablico do Trabalho (MPT) para que o Sindicato dos Trabalhadores nas Ind\u00fastrias de Alimenta\u00e7\u00e3o de Guarulhos (SP) e as empresas Pandurata Alimentos Ltda. e Pepsico do Brasil Ltda. se abstivessem de incluir, em normas coletivas, cl\u00e1usulas que prevejam contribui\u00e7\u00e3o das empresas ou dos sindicatos da categoria econ\u00f4mica em benef\u00edcio do sindicato profissional. No entender do colegiado, esse tipo de veda\u00e7\u00e3o inibiria a celebra\u00e7\u00e3o das\u00a0 conven\u00e7\u00f5es e dos acordos coletivos de trabalho, al\u00e9m de afrontar o princ\u00edpio constitucional da liberdade sindical.<\/p>\n<p><strong>Contribui\u00e7\u00e3o<\/strong><\/p>\n<p>A a\u00e7\u00e3o do MPT foi motivada pelo acordo coletivo de trabalho vigente de 1\u00ba\/12\/2012 a 28\/02\/2014. Uma das cl\u00e1usulas previa uma contribui\u00e7\u00e3o, em parcela \u00fanica, destinada a treinamento, requalifica\u00e7\u00e3o profissional, recoloca\u00e7\u00e3o de pessoal e a\u00e7\u00f5es s\u00f3cio\/sindicais, a ser custeada pelas empresas, em benef\u00edcio do sindicato. A parcela corresponderia a 6% do sal\u00e1rio de cada pessoa empregada.<\/p>\n<p><strong>Sindicato isento<\/strong><\/p>\n<p>Segundo o MPT, o sindicato j\u00e1 recebe valores significativos, a t\u00edtulo de contribui\u00e7\u00e3o sindical obrigat\u00f3ria e de contribui\u00e7\u00e3o assistencial, para a implementa\u00e7\u00e3o de a\u00e7\u00f5es de treinamento, requalifica\u00e7\u00e3o profissional e recoloca\u00e7\u00e3o de pessoal, e o recebimento de valores de empresas configura conduta il\u00edcita, contr\u00e1ria \u00e0 liberdade sindical e \u00e0 legisla\u00e7\u00e3o trabalhista vigente. \u201cOs trabalhadores t\u00eam direito de serem representados por um sindicato isento, que n\u00e3o seja financiado por entes patronais, comprometido \u00fanica e t\u00e3o somente com a defesa dos direitos e dos interesses da categoria\u201d, sustentou.<\/p>\n<p><strong>Licitude da contribui\u00e7\u00e3o<\/strong><\/p>\n<p>O ju\u00edzo da 8\u00aa Vara do Trabalho de Guarulhos concluiu que a contribui\u00e7\u00e3o era l\u00edcita, e o entendimento foi mantido pelo Tribunal Regional do Trabalho da 2\u00aa Regi\u00e3o (SP). Segundo o TRT, n\u00e3o havia prova da inger\u00eancia das empresas nas atividades do sindicato, e a legisla\u00e7\u00e3o n\u00e3o pro\u00edbe a elabora\u00e7\u00e3o de cl\u00e1usulas com previs\u00e3o de aporte de recursos a fim de instituir benef\u00edcios sociais. Logo, o Poder Judici\u00e1rio n\u00e3o pode restringir, de forma pr\u00e9via, as negocia\u00e7\u00f5es coletivas nesse aspecto.\u00a0\u00a0<\/p>\n<p><strong>Inger\u00eancia patronal indevida<\/strong><\/p>\n<p>O MPT insistiu, junto ao TST, no argumento de que a pr\u00e1tica constitui inger\u00eancia na organiza\u00e7\u00e3o de trabalhadores e sustentou que \u00e9 vedada a inclus\u00e3o, em norma coletiva, de qualquer cl\u00e1usula pela qual o empregador financie a atividade sindical dos trabalhadores.<\/p>\n<p><strong>Liberdade sindical<\/strong><\/p>\n<p>A relatora do recurso, ministra Maria Helena Mallmann, assinalou que, de fato, o aporte financeiro de empresas ou sindicatos patronais para os sindicatos pode acarretar a submiss\u00e3o do segmento profissional ao segmento econ\u00f4mico. Por isso, tem prevalecido no TST o entendimento de considerar inv\u00e1lidos instrumentos normativos que estabele\u00e7am taxa de contribui\u00e7\u00e3o permanente da categoria econ\u00f4mica para o custeio do sindicato profissional.<\/p>\n<p>Contudo, no caso, o TRT registrara que n\u00e3o havia prova da inger\u00eancia das empresas nas atividades sindicais e que os documentos apresentados pelo sindicato demonstraram gastos com atividades realizadas em favor da categoria, como a implanta\u00e7\u00e3o de centro para capacita\u00e7\u00e3o de pessoas com defici\u00eancia.<\/p>\n<p>Para a ministra, a veda\u00e7\u00e3o a esse tipo de cl\u00e1usula inibiria a celebra\u00e7\u00e3o de conven\u00e7\u00f5es e acordos coletivos de trabalho, que t\u00eam reconhecimento garantido pelo texto constitucional. Ainda de acordo com a relatora, o Poder Judici\u00e1rio n\u00e3o pode restringir, de forma pr\u00e9via, as negocia\u00e7\u00f5es coletivas, pois haveria desrespeito ao princ\u00edpio constitucional da liberdade sindical.<\/p>\n<p>A decis\u00e3o foi un\u00e2nime.<\/p>\n<p>(LF\/CF)<\/p>\n<p>Processo: <a href=\"https:\/\/consultaprocessual.tst.jus.br\/consultaProcessual\/consultaTstNumUnica.do?consulta=Consultar&amp;conscsjt=&amp;numeroTst=1000895&amp;digitoTst=90&amp;anoTst=2014&amp;orgaoTst=5&amp;tribunalTst=02&amp;varaTst=0318&amp;submit=Consultar\" target=\"\" rel=\"noopener\">RR-1000895-90.2014.5.02.0318<\/a><\/p>\n<p>O TST tem oito Turmas, cada uma composta por tr\u00eas ministros, com a atribui\u00e7\u00e3o de analisar recursos de revista, agravos, agravos de instrumento, agravos regimentais e recursos ordin\u00e1rios em a\u00e7\u00e3o cautelar. Das decis\u00f5es das Turmas, a parte ainda pode, em alguns casos, recorrer \u00e0 Subse\u00e7\u00e3o I Especializada em Diss\u00eddios Individuais (SDI-1).<\/p>\n<p>\u00a0<\/p>\n<p>Esta mat\u00e9ria tem cunho meramente informativo.<\/p>\n<p>Permitida a reprodu\u00e7\u00e3o mediante cita\u00e7\u00e3o da fonte.<br \/>\nSecretaria de Comunica\u00e7\u00e3o Social<br \/>\nTribunal Superior do Trabalho<br \/>\nTel. (61) 3043-4907<br \/>\nsecom@tst.jus.br<\/p>\n<p>\u00a0<\/p>\n<\/div><\/div>\n<\/div>\n","protected":false},"excerpt":{"rendered":"<p>N\u00e3o houve prova de inger\u00eancia das empresas nas atividades sindicais Foto ministra Maria Helena Mallmann em sess\u00e3o 20-06-22 -A Segunda Turma do Tribunal Superior do Trabalho rejeitou o recurso do Minist\u00e9rio P\u00fablico do Trabalho (MPT) para que o Sindicato dos Trabalhadores nas Ind\u00fastrias de Alimenta\u00e7\u00e3o de Guarulhos (SP) e as empresas Pandurata Alimentos Ltda. e [&hellip;]<\/p>\n","protected":false},"author":0,"featured_media":11184,"comment_status":"open","ping_status":"","sticky":false,"template":"","format":"standard","meta":{"footnotes":""},"categories":[5],"tags":[],"class_list":["post-11183","post","type-post","status-publish","format-standard","has-post-thumbnail","hentry","category-noticias-educacao-financeira"],"blocksy_meta":{"styles_descriptor":{"styles":{"desktop":"","tablet":"","mobile":""},"google_fonts":[],"version":6}},"yoast_head":"<!-- This site is optimized with the Yoast SEO plugin v27.4 - https:\/\/yoast.com\/product\/yoast-seo-wordpress\/ -->\n<title>Mantida validade de norma coletiva que prev\u00ea contribui\u00e7\u00e3o de empresa para sindicato profissional - Contabilidade Caxias<\/title>\n<meta name=\"robots\" content=\"index, follow, max-snippet:-1, max-image-preview:large, max-video-preview:-1\" \/>\n<link rel=\"canonical\" href=\"https:\/\/contabilidadecaxias.com.br\/index.php\/2022\/06\/20\/mantida-validade-de-norma-coletiva-que-preve-contribuicao-de-empresa-para-sindicato-profissional\/\" \/>\n<meta property=\"og:locale\" content=\"pt_BR\" \/>\n<meta property=\"og:type\" content=\"article\" \/>\n<meta property=\"og:title\" content=\"Mantida validade de norma coletiva que prev\u00ea contribui\u00e7\u00e3o de empresa para sindicato profissional - Contabilidade Caxias\" \/>\n<meta property=\"og:description\" content=\"N\u00e3o houve prova de inger\u00eancia das empresas nas atividades sindicais Foto ministra Maria Helena Mallmann em sess\u00e3o 20-06-22 -A Segunda Turma do Tribunal Superior do Trabalho rejeitou o recurso do Minist\u00e9rio P\u00fablico do Trabalho (MPT) para que o Sindicato dos Trabalhadores nas Ind\u00fastrias de Alimenta\u00e7\u00e3o de Guarulhos (SP) e as empresas Pandurata Alimentos Ltda. e [&hellip;]\" \/>\n<meta property=\"og:url\" content=\"https:\/\/contabilidadecaxias.com.br\/index.php\/2022\/06\/20\/mantida-validade-de-norma-coletiva-que-preve-contribuicao-de-empresa-para-sindicato-profissional\/\" \/>\n<meta property=\"og:site_name\" content=\"Contabilidade Caxias\" \/>\n<meta property=\"article:published_time\" content=\"2022-06-20T20:09:11+00:00\" \/>\n<meta name=\"twitter:card\" content=\"summary_large_image\" \/>\n<meta name=\"twitter:label1\" content=\"Est. tempo de leitura\" \/>\n\t<meta name=\"twitter:data1\" content=\"4 minutos\" \/>\n<script type=\"application\/ld+json\" class=\"yoast-schema-graph\">{\"@context\":\"https:\\\/\\\/schema.org\",\"@graph\":[{\"@type\":\"Article\",\"@id\":\"https:\\\/\\\/contabilidadecaxias.com.br\\\/index.php\\\/2022\\\/06\\\/20\\\/mantida-validade-de-norma-coletiva-que-preve-contribuicao-de-empresa-para-sindicato-profissional\\\/#article\",\"isPartOf\":{\"@id\":\"https:\\\/\\\/contabilidadecaxias.com.br\\\/index.php\\\/2022\\\/06\\\/20\\\/mantida-validade-de-norma-coletiva-que-preve-contribuicao-de-empresa-para-sindicato-profissional\\\/\"},\"author\":{\"name\":\"\",\"@id\":\"\"},\"headline\":\"Mantida validade de norma coletiva que prev\u00ea contribui\u00e7\u00e3o de empresa para sindicato profissional\",\"datePublished\":\"2022-06-20T20:09:11+00:00\",\"mainEntityOfPage\":{\"@id\":\"https:\\\/\\\/contabilidadecaxias.com.br\\\/index.php\\\/2022\\\/06\\\/20\\\/mantida-validade-de-norma-coletiva-que-preve-contribuicao-de-empresa-para-sindicato-profissional\\\/\"},\"wordCount\":734,\"commentCount\":0,\"image\":{\"@id\":\"https:\\\/\\\/contabilidadecaxias.com.br\\\/index.php\\\/2022\\\/06\\\/20\\\/mantida-validade-de-norma-coletiva-que-preve-contribuicao-de-empresa-para-sindicato-profissional\\\/#primaryimage\"},\"thumbnailUrl\":\"https:\\\/\\\/contabilidadecaxias.com.br\\\/wp-content\\\/uploads\\\/2022\\\/06\\\/9a5a7b29-f8fe-a68f-cc58-77930d638845-p7D7e6-scaled.jpeg\",\"articleSection\":[\"Educa\u00e7\u00e3o Financeira\"],\"inLanguage\":\"pt-BR\",\"potentialAction\":[{\"@type\":\"CommentAction\",\"name\":\"Comment\",\"target\":[\"https:\\\/\\\/contabilidadecaxias.com.br\\\/index.php\\\/2022\\\/06\\\/20\\\/mantida-validade-de-norma-coletiva-que-preve-contribuicao-de-empresa-para-sindicato-profissional\\\/#respond\"]}]},{\"@type\":\"WebPage\",\"@id\":\"https:\\\/\\\/contabilidadecaxias.com.br\\\/index.php\\\/2022\\\/06\\\/20\\\/mantida-validade-de-norma-coletiva-que-preve-contribuicao-de-empresa-para-sindicato-profissional\\\/\",\"url\":\"https:\\\/\\\/contabilidadecaxias.com.br\\\/index.php\\\/2022\\\/06\\\/20\\\/mantida-validade-de-norma-coletiva-que-preve-contribuicao-de-empresa-para-sindicato-profissional\\\/\",\"name\":\"Mantida validade de norma coletiva que prev\u00ea contribui\u00e7\u00e3o de empresa para sindicato profissional - Contabilidade Caxias\",\"isPartOf\":{\"@id\":\"https:\\\/\\\/contabilidadecaxias.com.br\\\/#website\"},\"primaryImageOfPage\":{\"@id\":\"https:\\\/\\\/contabilidadecaxias.com.br\\\/index.php\\\/2022\\\/06\\\/20\\\/mantida-validade-de-norma-coletiva-que-preve-contribuicao-de-empresa-para-sindicato-profissional\\\/#primaryimage\"},\"image\":{\"@id\":\"https:\\\/\\\/contabilidadecaxias.com.br\\\/index.php\\\/2022\\\/06\\\/20\\\/mantida-validade-de-norma-coletiva-que-preve-contribuicao-de-empresa-para-sindicato-profissional\\\/#primaryimage\"},\"thumbnailUrl\":\"https:\\\/\\\/contabilidadecaxias.com.br\\\/wp-content\\\/uploads\\\/2022\\\/06\\\/9a5a7b29-f8fe-a68f-cc58-77930d638845-p7D7e6-scaled.jpeg\",\"datePublished\":\"2022-06-20T20:09:11+00:00\",\"author\":{\"@id\":\"\"},\"breadcrumb\":{\"@id\":\"https:\\\/\\\/contabilidadecaxias.com.br\\\/index.php\\\/2022\\\/06\\\/20\\\/mantida-validade-de-norma-coletiva-que-preve-contribuicao-de-empresa-para-sindicato-profissional\\\/#breadcrumb\"},\"inLanguage\":\"pt-BR\",\"potentialAction\":[{\"@type\":\"ReadAction\",\"target\":[\"https:\\\/\\\/contabilidadecaxias.com.br\\\/index.php\\\/2022\\\/06\\\/20\\\/mantida-validade-de-norma-coletiva-que-preve-contribuicao-de-empresa-para-sindicato-profissional\\\/\"]}]},{\"@type\":\"ImageObject\",\"inLanguage\":\"pt-BR\",\"@id\":\"https:\\\/\\\/contabilidadecaxias.com.br\\\/index.php\\\/2022\\\/06\\\/20\\\/mantida-validade-de-norma-coletiva-que-preve-contribuicao-de-empresa-para-sindicato-profissional\\\/#primaryimage\",\"url\":\"https:\\\/\\\/contabilidadecaxias.com.br\\\/wp-content\\\/uploads\\\/2022\\\/06\\\/9a5a7b29-f8fe-a68f-cc58-77930d638845-p7D7e6-scaled.jpeg\",\"contentUrl\":\"https:\\\/\\\/contabilidadecaxias.com.br\\\/wp-content\\\/uploads\\\/2022\\\/06\\\/9a5a7b29-f8fe-a68f-cc58-77930d638845-p7D7e6-scaled.jpeg\",\"width\":2560,\"height\":1707},{\"@type\":\"BreadcrumbList\",\"@id\":\"https:\\\/\\\/contabilidadecaxias.com.br\\\/index.php\\\/2022\\\/06\\\/20\\\/mantida-validade-de-norma-coletiva-que-preve-contribuicao-de-empresa-para-sindicato-profissional\\\/#breadcrumb\",\"itemListElement\":[{\"@type\":\"ListItem\",\"position\":1,\"name\":\"In\u00edcio\",\"item\":\"https:\\\/\\\/contabilidadecaxias.com.br\\\/\"},{\"@type\":\"ListItem\",\"position\":2,\"name\":\"Mantida validade de norma coletiva que prev\u00ea contribui\u00e7\u00e3o de empresa para sindicato profissional\"}]},{\"@type\":\"WebSite\",\"@id\":\"https:\\\/\\\/contabilidadecaxias.com.br\\\/#website\",\"url\":\"https:\\\/\\\/contabilidadecaxias.com.br\\\/\",\"name\":\"Contabilidade Caxias\",\"description\":\"Site especializado em Contabilidade para Caxias.\",\"potentialAction\":[{\"@type\":\"SearchAction\",\"target\":{\"@type\":\"EntryPoint\",\"urlTemplate\":\"https:\\\/\\\/contabilidadecaxias.com.br\\\/?s={search_term_string}\"},\"query-input\":{\"@type\":\"PropertyValueSpecification\",\"valueRequired\":true,\"valueName\":\"search_term_string\"}}],\"inLanguage\":\"pt-BR\"}]}<\/script>\n<!-- \/ Yoast SEO plugin. -->","yoast_head_json":{"title":"Mantida validade de norma coletiva que prev\u00ea contribui\u00e7\u00e3o de empresa para sindicato profissional - Contabilidade Caxias","robots":{"index":"index","follow":"follow","max-snippet":"max-snippet:-1","max-image-preview":"max-image-preview:large","max-video-preview":"max-video-preview:-1"},"canonical":"https:\/\/contabilidadecaxias.com.br\/index.php\/2022\/06\/20\/mantida-validade-de-norma-coletiva-que-preve-contribuicao-de-empresa-para-sindicato-profissional\/","og_locale":"pt_BR","og_type":"article","og_title":"Mantida validade de norma coletiva que prev\u00ea contribui\u00e7\u00e3o de empresa para sindicato profissional - Contabilidade Caxias","og_description":"N\u00e3o houve prova de inger\u00eancia das empresas nas atividades sindicais Foto ministra Maria Helena Mallmann em sess\u00e3o 20-06-22 -A Segunda Turma do Tribunal Superior do Trabalho rejeitou o recurso do Minist\u00e9rio P\u00fablico do Trabalho (MPT) para que o Sindicato dos Trabalhadores nas Ind\u00fastrias de Alimenta\u00e7\u00e3o de Guarulhos (SP) e as empresas Pandurata Alimentos Ltda. e [&hellip;]","og_url":"https:\/\/contabilidadecaxias.com.br\/index.php\/2022\/06\/20\/mantida-validade-de-norma-coletiva-que-preve-contribuicao-de-empresa-para-sindicato-profissional\/","og_site_name":"Contabilidade Caxias","article_published_time":"2022-06-20T20:09:11+00:00","twitter_card":"summary_large_image","twitter_misc":{"Est. tempo de leitura":"4 minutos"},"schema":{"@context":"https:\/\/schema.org","@graph":[{"@type":"Article","@id":"https:\/\/contabilidadecaxias.com.br\/index.php\/2022\/06\/20\/mantida-validade-de-norma-coletiva-que-preve-contribuicao-de-empresa-para-sindicato-profissional\/#article","isPartOf":{"@id":"https:\/\/contabilidadecaxias.com.br\/index.php\/2022\/06\/20\/mantida-validade-de-norma-coletiva-que-preve-contribuicao-de-empresa-para-sindicato-profissional\/"},"author":{"name":"","@id":""},"headline":"Mantida validade de norma coletiva que prev\u00ea contribui\u00e7\u00e3o de empresa para sindicato profissional","datePublished":"2022-06-20T20:09:11+00:00","mainEntityOfPage":{"@id":"https:\/\/contabilidadecaxias.com.br\/index.php\/2022\/06\/20\/mantida-validade-de-norma-coletiva-que-preve-contribuicao-de-empresa-para-sindicato-profissional\/"},"wordCount":734,"commentCount":0,"image":{"@id":"https:\/\/contabilidadecaxias.com.br\/index.php\/2022\/06\/20\/mantida-validade-de-norma-coletiva-que-preve-contribuicao-de-empresa-para-sindicato-profissional\/#primaryimage"},"thumbnailUrl":"https:\/\/contabilidadecaxias.com.br\/wp-content\/uploads\/2022\/06\/9a5a7b29-f8fe-a68f-cc58-77930d638845-p7D7e6-scaled.jpeg","articleSection":["Educa\u00e7\u00e3o Financeira"],"inLanguage":"pt-BR","potentialAction":[{"@type":"CommentAction","name":"Comment","target":["https:\/\/contabilidadecaxias.com.br\/index.php\/2022\/06\/20\/mantida-validade-de-norma-coletiva-que-preve-contribuicao-de-empresa-para-sindicato-profissional\/#respond"]}]},{"@type":"WebPage","@id":"https:\/\/contabilidadecaxias.com.br\/index.php\/2022\/06\/20\/mantida-validade-de-norma-coletiva-que-preve-contribuicao-de-empresa-para-sindicato-profissional\/","url":"https:\/\/contabilidadecaxias.com.br\/index.php\/2022\/06\/20\/mantida-validade-de-norma-coletiva-que-preve-contribuicao-de-empresa-para-sindicato-profissional\/","name":"Mantida validade de norma coletiva que prev\u00ea contribui\u00e7\u00e3o de empresa para sindicato profissional - Contabilidade Caxias","isPartOf":{"@id":"https:\/\/contabilidadecaxias.com.br\/#website"},"primaryImageOfPage":{"@id":"https:\/\/contabilidadecaxias.com.br\/index.php\/2022\/06\/20\/mantida-validade-de-norma-coletiva-que-preve-contribuicao-de-empresa-para-sindicato-profissional\/#primaryimage"},"image":{"@id":"https:\/\/contabilidadecaxias.com.br\/index.php\/2022\/06\/20\/mantida-validade-de-norma-coletiva-que-preve-contribuicao-de-empresa-para-sindicato-profissional\/#primaryimage"},"thumbnailUrl":"https:\/\/contabilidadecaxias.com.br\/wp-content\/uploads\/2022\/06\/9a5a7b29-f8fe-a68f-cc58-77930d638845-p7D7e6-scaled.jpeg","datePublished":"2022-06-20T20:09:11+00:00","author":{"@id":""},"breadcrumb":{"@id":"https:\/\/contabilidadecaxias.com.br\/index.php\/2022\/06\/20\/mantida-validade-de-norma-coletiva-que-preve-contribuicao-de-empresa-para-sindicato-profissional\/#breadcrumb"},"inLanguage":"pt-BR","potentialAction":[{"@type":"ReadAction","target":["https:\/\/contabilidadecaxias.com.br\/index.php\/2022\/06\/20\/mantida-validade-de-norma-coletiva-que-preve-contribuicao-de-empresa-para-sindicato-profissional\/"]}]},{"@type":"ImageObject","inLanguage":"pt-BR","@id":"https:\/\/contabilidadecaxias.com.br\/index.php\/2022\/06\/20\/mantida-validade-de-norma-coletiva-que-preve-contribuicao-de-empresa-para-sindicato-profissional\/#primaryimage","url":"https:\/\/contabilidadecaxias.com.br\/wp-content\/uploads\/2022\/06\/9a5a7b29-f8fe-a68f-cc58-77930d638845-p7D7e6-scaled.jpeg","contentUrl":"https:\/\/contabilidadecaxias.com.br\/wp-content\/uploads\/2022\/06\/9a5a7b29-f8fe-a68f-cc58-77930d638845-p7D7e6-scaled.jpeg","width":2560,"height":1707},{"@type":"BreadcrumbList","@id":"https:\/\/contabilidadecaxias.com.br\/index.php\/2022\/06\/20\/mantida-validade-de-norma-coletiva-que-preve-contribuicao-de-empresa-para-sindicato-profissional\/#breadcrumb","itemListElement":[{"@type":"ListItem","position":1,"name":"In\u00edcio","item":"https:\/\/contabilidadecaxias.com.br\/"},{"@type":"ListItem","position":2,"name":"Mantida validade de norma coletiva que prev\u00ea contribui\u00e7\u00e3o de empresa para sindicato profissional"}]},{"@type":"WebSite","@id":"https:\/\/contabilidadecaxias.com.br\/#website","url":"https:\/\/contabilidadecaxias.com.br\/","name":"Contabilidade Caxias","description":"Site especializado em Contabilidade para Caxias.","potentialAction":[{"@type":"SearchAction","target":{"@type":"EntryPoint","urlTemplate":"https:\/\/contabilidadecaxias.com.br\/?s={search_term_string}"},"query-input":{"@type":"PropertyValueSpecification","valueRequired":true,"valueName":"search_term_string"}}],"inLanguage":"pt-BR"}]}},"_links":{"self":[{"href":"https:\/\/contabilidadecaxias.com.br\/index.php\/wp-json\/wp\/v2\/posts\/11183","targetHints":{"allow":["GET"]}}],"collection":[{"href":"https:\/\/contabilidadecaxias.com.br\/index.php\/wp-json\/wp\/v2\/posts"}],"about":[{"href":"https:\/\/contabilidadecaxias.com.br\/index.php\/wp-json\/wp\/v2\/types\/post"}],"replies":[{"embeddable":true,"href":"https:\/\/contabilidadecaxias.com.br\/index.php\/wp-json\/wp\/v2\/comments?post=11183"}],"version-history":[{"count":0,"href":"https:\/\/contabilidadecaxias.com.br\/index.php\/wp-json\/wp\/v2\/posts\/11183\/revisions"}],"wp:featuredmedia":[{"embeddable":true,"href":"https:\/\/contabilidadecaxias.com.br\/index.php\/wp-json\/wp\/v2\/media\/11184"}],"wp:attachment":[{"href":"https:\/\/contabilidadecaxias.com.br\/index.php\/wp-json\/wp\/v2\/media?parent=11183"}],"wp:term":[{"taxonomy":"category","embeddable":true,"href":"https:\/\/contabilidadecaxias.com.br\/index.php\/wp-json\/wp\/v2\/categories?post=11183"},{"taxonomy":"post_tag","embeddable":true,"href":"https:\/\/contabilidadecaxias.com.br\/index.php\/wp-json\/wp\/v2\/tags?post=11183"}],"curies":[{"name":"wp","href":"https:\/\/api.w.org\/{rel}","templated":true}]}}