{"id":11170,"date":"2022-06-17T17:02:34","date_gmt":"2022-06-17T20:02:34","guid":{"rendered":"https:\/\/contabilidadecaxias.com.br\/index.php\/2022\/06\/17\/trabalho-e-justica-fique-por-dentro-do-programa-de-sexta-feira-17-06\/"},"modified":"2022-06-17T17:02:34","modified_gmt":"2022-06-17T20:02:34","slug":"trabalho-e-justica-fique-por-dentro-do-programa-de-sexta-feira-17-06","status":"publish","type":"post","link":"https:\/\/contabilidadecaxias.com.br\/index.php\/2022\/06\/17\/trabalho-e-justica-fique-por-dentro-do-programa-de-sexta-feira-17-06\/","title":{"rendered":"Trabalho e Justi\u00e7a | Fique por dentro do programa de sexta-feira (17\/06)"},"content":{"rendered":"<div>\n\u00a0<br \/>\n\u00a0\u00a0\u00a0\u00a0\u00a0\u00a0\u00a0\u00a0 \u00a0\u00a0\u00a0\u00a0\u00a0\u00a0\u00a0\u00a0 \u00a0\u00a0\u00a0\u00a0\u00a0\u00a0 <a href=\"https:\/\/www.tst.jus.br\/documents\/10157\/27885360\/PGM+1582+-+TRABALHO+E+JUSTICA+.mp3\/5211b958-0bcc-36c0-121a-dadfa8be56f0?t=1655486272587\"> Baixe o \u00e1udio <\/a><\/div>\n<div><button>Reproduzir o \u00e1udio<\/button>\u00a0\u00a0<button>Pausar o \u00e1udio<\/button>\u00a0\u00a0<button>Aumentar o volume<\/button>\u00a0\u00a0<button>Diminuir o volume<\/button><\/div>\n<p>\u00a0<\/p>\n<p>17\/06\/22 &#8211; A Subse\u00e7\u00e3o I Especializada em Diss\u00eddios Individuais (SDI-1) do TST reconheceu o direito de um caixa executivo da Caixa Econ\u00f4mica Federal (CEF) \u00e0 pausa de 10 minutos a cada 50 minutos de trabalho e condenou a empresa ao pagamento de horas extras em raz\u00e3o da supress\u00e3o do intervalo. A decis\u00e3o segue o entendimento de que o pagamento \u00e9 devido quando h\u00e1 previs\u00e3o em norma coletiva e n\u00e3o \u00e9 exigida exclusividade na atividade de digita\u00e7\u00e3o.<\/p>\n<p>Entre os destaques da semana est\u00e3o as \u00faltimas\u00a0decis\u00f5es do Supremo Tribunal Federal a respeito de temas trabalhistas e a correi\u00e7\u00e3o ordin\u00e1ria realizada pelo ministro Caputo Bastos no TRT da 3\u00aa Regi\u00e3o (MG).<\/p>\n<p>Aperte o play e ou\u00e7a o programa na \u00edntegra.<\/p>\n","protected":false},"excerpt":{"rendered":"<p>\u00a0 \u00a0\u00a0\u00a0\u00a0\u00a0\u00a0\u00a0\u00a0 \u00a0\u00a0\u00a0\u00a0\u00a0\u00a0\u00a0\u00a0 \u00a0\u00a0\u00a0\u00a0\u00a0\u00a0 Baixe o \u00e1udio Reproduzir o \u00e1udio\u00a0\u00a0Pausar o \u00e1udio\u00a0\u00a0Aumentar o volume\u00a0\u00a0Diminuir o volume \u00a0 17\/06\/22 &#8211; A Subse\u00e7\u00e3o I Especializada em Diss\u00eddios Individuais (SDI-1) do TST reconheceu o direito de um caixa executivo da Caixa Econ\u00f4mica Federal (CEF) \u00e0 pausa de 10 minutos a cada 50 minutos de trabalho e condenou a [&hellip;]<\/p>\n","protected":false},"author":0,"featured_media":0,"comment_status":"open","ping_status":"","sticky":false,"template":"","format":"standard","meta":{"footnotes":""},"categories":[5],"tags":[],"class_list":["post-11170","post","type-post","status-publish","format-standard","hentry","category-noticias-educacao-financeira"],"blocksy_meta":{"styles_descriptor":{"styles":{"desktop":"","tablet":"","mobile":""},"google_fonts":[],"version":6}},"yoast_head":"<!-- This site is optimized with the Yoast SEO plugin v27.4 - https:\/\/yoast.com\/product\/yoast-seo-wordpress\/ -->\n<title>Trabalho e Justi\u00e7a | Fique por dentro do programa de sexta-feira (17\/06) - Contabilidade Caxias<\/title>\n<meta name=\"robots\" content=\"index, follow, max-snippet:-1, max-image-preview:large, max-video-preview:-1\" \/>\n<link rel=\"canonical\" href=\"https:\/\/contabilidadecaxias.com.br\/index.php\/2022\/06\/17\/trabalho-e-justica-fique-por-dentro-do-programa-de-sexta-feira-17-06\/\" \/>\n<meta property=\"og:locale\" content=\"pt_BR\" \/>\n<meta property=\"og:type\" content=\"article\" \/>\n<meta property=\"og:title\" content=\"Trabalho e Justi\u00e7a | Fique por dentro do programa de sexta-feira (17\/06) - Contabilidade Caxias\" \/>\n<meta property=\"og:description\" content=\"\u00a0 \u00a0\u00a0\u00a0\u00a0\u00a0\u00a0\u00a0\u00a0 \u00a0\u00a0\u00a0\u00a0\u00a0\u00a0\u00a0\u00a0 \u00a0\u00a0\u00a0\u00a0\u00a0\u00a0 Baixe o \u00e1udio Reproduzir o \u00e1udio\u00a0\u00a0Pausar o \u00e1udio\u00a0\u00a0Aumentar o volume\u00a0\u00a0Diminuir o volume \u00a0 17\/06\/22 &#8211; A Subse\u00e7\u00e3o I Especializada em Diss\u00eddios Individuais (SDI-1) do TST reconheceu o direito de um caixa executivo da Caixa Econ\u00f4mica Federal (CEF) \u00e0 pausa de 10 minutos a cada 50 minutos de trabalho e condenou a [&hellip;]\" \/>\n<meta property=\"og:url\" content=\"https:\/\/contabilidadecaxias.com.br\/index.php\/2022\/06\/17\/trabalho-e-justica-fique-por-dentro-do-programa-de-sexta-feira-17-06\/\" \/>\n<meta property=\"og:site_name\" content=\"Contabilidade Caxias\" \/>\n<meta property=\"article:published_time\" content=\"2022-06-17T20:02:34+00:00\" \/>\n<meta name=\"twitter:card\" content=\"summary_large_image\" \/>\n<meta name=\"twitter:label1\" content=\"Est. tempo de leitura\" \/>\n\t<meta name=\"twitter:data1\" content=\"1 minuto\" \/>\n<script type=\"application\/ld+json\" class=\"yoast-schema-graph\">{\"@context\":\"https:\\\/\\\/schema.org\",\"@graph\":[{\"@type\":\"Article\",\"@id\":\"https:\\\/\\\/contabilidadecaxias.com.br\\\/index.php\\\/2022\\\/06\\\/17\\\/trabalho-e-justica-fique-por-dentro-do-programa-de-sexta-feira-17-06\\\/#article\",\"isPartOf\":{\"@id\":\"https:\\\/\\\/contabilidadecaxias.com.br\\\/index.php\\\/2022\\\/06\\\/17\\\/trabalho-e-justica-fique-por-dentro-do-programa-de-sexta-feira-17-06\\\/\"},\"author\":{\"name\":\"\",\"@id\":\"\"},\"headline\":\"Trabalho e Justi\u00e7a | Fique por dentro do programa de sexta-feira (17\\\/06)\",\"datePublished\":\"2022-06-17T20:02:34+00:00\",\"mainEntityOfPage\":{\"@id\":\"https:\\\/\\\/contabilidadecaxias.com.br\\\/index.php\\\/2022\\\/06\\\/17\\\/trabalho-e-justica-fique-por-dentro-do-programa-de-sexta-feira-17-06\\\/\"},\"wordCount\":152,\"commentCount\":0,\"articleSection\":[\"Educa\u00e7\u00e3o Financeira\"],\"inLanguage\":\"pt-BR\",\"potentialAction\":[{\"@type\":\"CommentAction\",\"name\":\"Comment\",\"target\":[\"https:\\\/\\\/contabilidadecaxias.com.br\\\/index.php\\\/2022\\\/06\\\/17\\\/trabalho-e-justica-fique-por-dentro-do-programa-de-sexta-feira-17-06\\\/#respond\"]}]},{\"@type\":\"WebPage\",\"@id\":\"https:\\\/\\\/contabilidadecaxias.com.br\\\/index.php\\\/2022\\\/06\\\/17\\\/trabalho-e-justica-fique-por-dentro-do-programa-de-sexta-feira-17-06\\\/\",\"url\":\"https:\\\/\\\/contabilidadecaxias.com.br\\\/index.php\\\/2022\\\/06\\\/17\\\/trabalho-e-justica-fique-por-dentro-do-programa-de-sexta-feira-17-06\\\/\",\"name\":\"Trabalho e Justi\u00e7a | Fique por dentro do programa de sexta-feira (17\\\/06) - Contabilidade Caxias\",\"isPartOf\":{\"@id\":\"https:\\\/\\\/contabilidadecaxias.com.br\\\/#website\"},\"datePublished\":\"2022-06-17T20:02:34+00:00\",\"author\":{\"@id\":\"\"},\"breadcrumb\":{\"@id\":\"https:\\\/\\\/contabilidadecaxias.com.br\\\/index.php\\\/2022\\\/06\\\/17\\\/trabalho-e-justica-fique-por-dentro-do-programa-de-sexta-feira-17-06\\\/#breadcrumb\"},\"inLanguage\":\"pt-BR\",\"potentialAction\":[{\"@type\":\"ReadAction\",\"target\":[\"https:\\\/\\\/contabilidadecaxias.com.br\\\/index.php\\\/2022\\\/06\\\/17\\\/trabalho-e-justica-fique-por-dentro-do-programa-de-sexta-feira-17-06\\\/\"]}]},{\"@type\":\"BreadcrumbList\",\"@id\":\"https:\\\/\\\/contabilidadecaxias.com.br\\\/index.php\\\/2022\\\/06\\\/17\\\/trabalho-e-justica-fique-por-dentro-do-programa-de-sexta-feira-17-06\\\/#breadcrumb\",\"itemListElement\":[{\"@type\":\"ListItem\",\"position\":1,\"name\":\"In\u00edcio\",\"item\":\"https:\\\/\\\/contabilidadecaxias.com.br\\\/\"},{\"@type\":\"ListItem\",\"position\":2,\"name\":\"Trabalho e Justi\u00e7a | Fique por dentro do programa de sexta-feira (17\\\/06)\"}]},{\"@type\":\"WebSite\",\"@id\":\"https:\\\/\\\/contabilidadecaxias.com.br\\\/#website\",\"url\":\"https:\\\/\\\/contabilidadecaxias.com.br\\\/\",\"name\":\"Contabilidade Caxias\",\"description\":\"Site especializado em Contabilidade para Caxias.\",\"potentialAction\":[{\"@type\":\"SearchAction\",\"target\":{\"@type\":\"EntryPoint\",\"urlTemplate\":\"https:\\\/\\\/contabilidadecaxias.com.br\\\/?s={search_term_string}\"},\"query-input\":{\"@type\":\"PropertyValueSpecification\",\"valueRequired\":true,\"valueName\":\"search_term_string\"}}],\"inLanguage\":\"pt-BR\"}]}<\/script>\n<!-- \/ Yoast SEO plugin. -->","yoast_head_json":{"title":"Trabalho e Justi\u00e7a | Fique por dentro do programa de sexta-feira (17\/06) - Contabilidade Caxias","robots":{"index":"index","follow":"follow","max-snippet":"max-snippet:-1","max-image-preview":"max-image-preview:large","max-video-preview":"max-video-preview:-1"},"canonical":"https:\/\/contabilidadecaxias.com.br\/index.php\/2022\/06\/17\/trabalho-e-justica-fique-por-dentro-do-programa-de-sexta-feira-17-06\/","og_locale":"pt_BR","og_type":"article","og_title":"Trabalho e Justi\u00e7a | Fique por dentro do programa de sexta-feira (17\/06) - Contabilidade Caxias","og_description":"\u00a0 \u00a0\u00a0\u00a0\u00a0\u00a0\u00a0\u00a0\u00a0 \u00a0\u00a0\u00a0\u00a0\u00a0\u00a0\u00a0\u00a0 \u00a0\u00a0\u00a0\u00a0\u00a0\u00a0 Baixe o \u00e1udio Reproduzir o \u00e1udio\u00a0\u00a0Pausar o \u00e1udio\u00a0\u00a0Aumentar o volume\u00a0\u00a0Diminuir o volume \u00a0 17\/06\/22 &#8211; A Subse\u00e7\u00e3o I Especializada em Diss\u00eddios Individuais (SDI-1) do TST reconheceu o direito de um caixa executivo da Caixa Econ\u00f4mica Federal (CEF) \u00e0 pausa de 10 minutos a cada 50 minutos de trabalho e condenou a [&hellip;]","og_url":"https:\/\/contabilidadecaxias.com.br\/index.php\/2022\/06\/17\/trabalho-e-justica-fique-por-dentro-do-programa-de-sexta-feira-17-06\/","og_site_name":"Contabilidade Caxias","article_published_time":"2022-06-17T20:02:34+00:00","twitter_card":"summary_large_image","twitter_misc":{"Est. tempo de leitura":"1 minuto"},"schema":{"@context":"https:\/\/schema.org","@graph":[{"@type":"Article","@id":"https:\/\/contabilidadecaxias.com.br\/index.php\/2022\/06\/17\/trabalho-e-justica-fique-por-dentro-do-programa-de-sexta-feira-17-06\/#article","isPartOf":{"@id":"https:\/\/contabilidadecaxias.com.br\/index.php\/2022\/06\/17\/trabalho-e-justica-fique-por-dentro-do-programa-de-sexta-feira-17-06\/"},"author":{"name":"","@id":""},"headline":"Trabalho e Justi\u00e7a | Fique por dentro do programa de sexta-feira (17\/06)","datePublished":"2022-06-17T20:02:34+00:00","mainEntityOfPage":{"@id":"https:\/\/contabilidadecaxias.com.br\/index.php\/2022\/06\/17\/trabalho-e-justica-fique-por-dentro-do-programa-de-sexta-feira-17-06\/"},"wordCount":152,"commentCount":0,"articleSection":["Educa\u00e7\u00e3o Financeira"],"inLanguage":"pt-BR","potentialAction":[{"@type":"CommentAction","name":"Comment","target":["https:\/\/contabilidadecaxias.com.br\/index.php\/2022\/06\/17\/trabalho-e-justica-fique-por-dentro-do-programa-de-sexta-feira-17-06\/#respond"]}]},{"@type":"WebPage","@id":"https:\/\/contabilidadecaxias.com.br\/index.php\/2022\/06\/17\/trabalho-e-justica-fique-por-dentro-do-programa-de-sexta-feira-17-06\/","url":"https:\/\/contabilidadecaxias.com.br\/index.php\/2022\/06\/17\/trabalho-e-justica-fique-por-dentro-do-programa-de-sexta-feira-17-06\/","name":"Trabalho e Justi\u00e7a | Fique por dentro do programa de sexta-feira (17\/06) - Contabilidade Caxias","isPartOf":{"@id":"https:\/\/contabilidadecaxias.com.br\/#website"},"datePublished":"2022-06-17T20:02:34+00:00","author":{"@id":""},"breadcrumb":{"@id":"https:\/\/contabilidadecaxias.com.br\/index.php\/2022\/06\/17\/trabalho-e-justica-fique-por-dentro-do-programa-de-sexta-feira-17-06\/#breadcrumb"},"inLanguage":"pt-BR","potentialAction":[{"@type":"ReadAction","target":["https:\/\/contabilidadecaxias.com.br\/index.php\/2022\/06\/17\/trabalho-e-justica-fique-por-dentro-do-programa-de-sexta-feira-17-06\/"]}]},{"@type":"BreadcrumbList","@id":"https:\/\/contabilidadecaxias.com.br\/index.php\/2022\/06\/17\/trabalho-e-justica-fique-por-dentro-do-programa-de-sexta-feira-17-06\/#breadcrumb","itemListElement":[{"@type":"ListItem","position":1,"name":"In\u00edcio","item":"https:\/\/contabilidadecaxias.com.br\/"},{"@type":"ListItem","position":2,"name":"Trabalho e Justi\u00e7a | Fique por dentro do programa de sexta-feira (17\/06)"}]},{"@type":"WebSite","@id":"https:\/\/contabilidadecaxias.com.br\/#website","url":"https:\/\/contabilidadecaxias.com.br\/","name":"Contabilidade Caxias","description":"Site especializado em Contabilidade para Caxias.","potentialAction":[{"@type":"SearchAction","target":{"@type":"EntryPoint","urlTemplate":"https:\/\/contabilidadecaxias.com.br\/?s={search_term_string}"},"query-input":{"@type":"PropertyValueSpecification","valueRequired":true,"valueName":"search_term_string"}}],"inLanguage":"pt-BR"}]}},"_links":{"self":[{"href":"https:\/\/contabilidadecaxias.com.br\/index.php\/wp-json\/wp\/v2\/posts\/11170","targetHints":{"allow":["GET"]}}],"collection":[{"href":"https:\/\/contabilidadecaxias.com.br\/index.php\/wp-json\/wp\/v2\/posts"}],"about":[{"href":"https:\/\/contabilidadecaxias.com.br\/index.php\/wp-json\/wp\/v2\/types\/post"}],"replies":[{"embeddable":true,"href":"https:\/\/contabilidadecaxias.com.br\/index.php\/wp-json\/wp\/v2\/comments?post=11170"}],"version-history":[{"count":0,"href":"https:\/\/contabilidadecaxias.com.br\/index.php\/wp-json\/wp\/v2\/posts\/11170\/revisions"}],"wp:attachment":[{"href":"https:\/\/contabilidadecaxias.com.br\/index.php\/wp-json\/wp\/v2\/media?parent=11170"}],"wp:term":[{"taxonomy":"category","embeddable":true,"href":"https:\/\/contabilidadecaxias.com.br\/index.php\/wp-json\/wp\/v2\/categories?post=11170"},{"taxonomy":"post_tag","embeddable":true,"href":"https:\/\/contabilidadecaxias.com.br\/index.php\/wp-json\/wp\/v2\/tags?post=11170"}],"curies":[{"name":"wp","href":"https:\/\/api.w.org\/{rel}","templated":true}]}}