{"id":10843,"date":"2022-06-14T14:05:20","date_gmt":"2022-06-14T17:05:20","guid":{"rendered":"https:\/\/contabilidadecaxias.com.br\/index.php\/2022\/06\/14\/cmtu-promete-volta-dos-banheiros-quimicos-nas-feiras-livres\/"},"modified":"2022-06-14T14:05:20","modified_gmt":"2022-06-14T17:05:20","slug":"cmtu-promete-volta-dos-banheiros-quimicos-nas-feiras-livres","status":"publish","type":"post","link":"https:\/\/contabilidadecaxias.com.br\/index.php\/2022\/06\/14\/cmtu-promete-volta-dos-banheiros-quimicos-nas-feiras-livres\/","title":{"rendered":"CMTU promete volta dos banheiros qu\u00edmicos nas feiras livres"},"content":{"rendered":"<p>Uma reuni\u00e3o no in\u00edcio desta semana com representantes dos feirantes, CMTU (Companhia Municipal de Tr\u00e2nsito e Urbaniza\u00e7\u00e3o) e Legislativo definiu que as feiras livres de Londrina voltar\u00e3o a contar com banheiros qu\u00edmicos. Uma lei municipal de 2012 autoriza o Executivo a disponibilizar sanit\u00e1rios nestes espa\u00e7os, entretanto, faz cerca de sete\u00a0anos que as feiras n\u00e3o contam com a estrutura. \u201cSe d\u00e1 vontade de urinar, por exemplo, ou tem que segurar at\u00e9 voltar para casa ou pedir em algum vizinho\u201d, reclamou o aposentado Marco Ant\u00f4nio de Oliveira, que na manh\u00e3 de segunda-feira (14) estava na feira do jardim Calif\u00f3rnia, na zona leste.\u00a0<\/p>\n<p>De acordo com o presidente da companhia, Marcelo Cortez, uma licita\u00e7\u00e3o ser\u00e1 lan\u00e7ada nas pr\u00f3ximas semanas para que uma empresa seja contratada para fornecer e se responsabilizar pela manuten\u00e7\u00e3o dos banheiros. A expectativa \u00e9 que em at\u00e9 90 dias, se n\u00e3o houver intercorr\u00eancias, o processo esteja finalizado. Londrina tem aproximadamente 40 feiras livres.\u00a0<\/p>\n<p>\u201cAlgumas feiras teremos que fazer a log\u00edstica j\u00e1 que t\u00eam apenas um feirante ou poucos. Estamos fazendo o levantamento com o todo o procedimento que antecede o processo licitat\u00f3rio para que possamos come\u00e7ar o servi\u00e7o t\u00e3o logo (a licita\u00e7\u00e3o) seja homologada. S\u00e3o v\u00e1rias feiras e com locais e hor\u00e1rios diferenciados. Faremos da melhor forma para que atenda o interesse p\u00fablico, feirantes e frequentadores\u201d, garantiu.\u00a0<\/p>\n<p>VEJA TAMB\u00c9M: <a href=\"https:\/\/www.folhadelondrina.com.br\/cidades\/confira-a-agenda-de-feiras-da-economia-solidaria-de-londrina-3206185e.html\" target=\"_blank\" rel=\"noopener\">Confira a agenda das feiras da Economia Solid\u00e1ria em Londrina<\/a><\/p>\n<p>Cerca de 259 feirantes est\u00e3o cadastrados junto \u00e0 CMTU para atuar nas feiras livres. Recentemente, os feirantes entraram com uma a\u00e7\u00e3o na Justi\u00e7a contra a prefeitura cobrando a instala\u00e7\u00e3o dos banheiros. \u201cRecebemos com alegria (o compromisso da CMTU), por\u00e9m, tivemos que entrar com a notifica\u00e7\u00e3o para ter essa esperan\u00e7a e, mesmo assim, vamos aguardar os tr\u00e2mites e acelerar o di\u00e1logo com a prefeitura. N\u00e3o d\u00e1 para esperar todo esse processo. As feiras de Londrina s\u00e3o uma das poucas do Brasil que n\u00e3o s\u00e3o contempladas com banheiros qu\u00edmicos\u201d, criticou Sylvio Costa, representante dos feirantes.\u00a0<\/p>\n<p>O prefeito Marcelo Belinati justificou a demora para resolver o impasse por uma quest\u00e3o jur\u00eddica. \u201cQuando assumimos a prefeitura existiam dois contratos dentro do poder p\u00fablico para aluguel de banheiros qu\u00edmicos: um na prefeitura e outro na CMTU. O pre\u00e7o era diferente e havia uma an\u00e1lise dos \u00f3rg\u00e3os de controle se isso era correto ou n\u00e3o. Em raz\u00e3o dessa d\u00favida jur\u00eddica ficou suspenso durante esse per\u00edodo. Como foi arquivado, nossa equipe t\u00e9cnica ampliou o estudo jur\u00eddico para que possamos voltar a oferecer os banheiros nas feiras\u201d, argumentou em resposta a questionamento da FOLHA.\u00a0<\/p>\n<p>Receba nossas not\u00edcias direto no seu celular! Envie tamb\u00e9m suas fotos para a se\u00e7\u00e3o &#8216;A cidade fala&#8217;. Adicione o WhatsApp da FOLHA por meio do n\u00famero (43) 99869-0068 ou pelo link <a href=\"https:\/\/wa.me\/message\/6WMTNSJARGMLL1\" target=\"_blank\" rel=\"noopener\">wa.me\/message\/6WMTNSJARGMLL1<\/a>.<\/p>\n","protected":false},"excerpt":{"rendered":"<p>Uma reuni\u00e3o no in\u00edcio desta semana com representantes dos feirantes, CMTU (Companhia Municipal de Tr\u00e2nsito e Urbaniza\u00e7\u00e3o) e Legislativo definiu que as feiras livres de Londrina voltar\u00e3o a contar com banheiros qu\u00edmicos. Uma lei municipal de 2012 autoriza o Executivo a disponibilizar sanit\u00e1rios nestes espa\u00e7os, entretanto, faz cerca de sete\u00a0anos que as feiras n\u00e3o contam [&hellip;]<\/p>\n","protected":false},"author":0,"featured_media":10844,"comment_status":"open","ping_status":"","sticky":false,"template":"","format":"standard","meta":{"footnotes":""},"categories":[4],"tags":[],"class_list":["post-10843","post","type-post","status-publish","format-standard","has-post-thumbnail","hentry","category-noticias-empreendedorismo"],"blocksy_meta":{"styles_descriptor":{"styles":{"desktop":"","tablet":"","mobile":""},"google_fonts":[],"version":6}},"yoast_head":"<!-- This site is optimized with the Yoast SEO plugin v27.5 - https:\/\/yoast.com\/product\/yoast-seo-wordpress\/ -->\n<title>CMTU promete volta dos banheiros qu\u00edmicos nas feiras livres - Contabilidade Caxias<\/title>\n<meta name=\"robots\" content=\"index, follow, max-snippet:-1, max-image-preview:large, max-video-preview:-1\" \/>\n<link rel=\"canonical\" href=\"https:\/\/contabilidadecaxias.com.br\/index.php\/2022\/06\/14\/cmtu-promete-volta-dos-banheiros-quimicos-nas-feiras-livres\/\" \/>\n<meta property=\"og:locale\" content=\"pt_BR\" \/>\n<meta property=\"og:type\" content=\"article\" \/>\n<meta property=\"og:title\" content=\"CMTU promete volta dos banheiros qu\u00edmicos nas feiras livres - Contabilidade Caxias\" \/>\n<meta property=\"og:description\" content=\"Uma reuni\u00e3o no in\u00edcio desta semana com representantes dos feirantes, CMTU (Companhia Municipal de Tr\u00e2nsito e Urbaniza\u00e7\u00e3o) e Legislativo definiu que as feiras livres de Londrina voltar\u00e3o a contar com banheiros qu\u00edmicos. Uma lei municipal de 2012 autoriza o Executivo a disponibilizar sanit\u00e1rios nestes espa\u00e7os, entretanto, faz cerca de sete\u00a0anos que as feiras n\u00e3o contam [&hellip;]\" \/>\n<meta property=\"og:url\" content=\"https:\/\/contabilidadecaxias.com.br\/index.php\/2022\/06\/14\/cmtu-promete-volta-dos-banheiros-quimicos-nas-feiras-livres\/\" \/>\n<meta property=\"og:site_name\" content=\"Contabilidade Caxias\" \/>\n<meta property=\"article:published_time\" content=\"2022-06-14T17:05:20+00:00\" \/>\n<meta name=\"twitter:card\" content=\"summary_large_image\" \/>\n<meta name=\"twitter:label1\" content=\"Est. tempo de leitura\" \/>\n\t<meta name=\"twitter:data1\" content=\"3 minutos\" \/>\n<script type=\"application\/ld+json\" class=\"yoast-schema-graph\">{\"@context\":\"https:\\\/\\\/schema.org\",\"@graph\":[{\"@type\":\"Article\",\"@id\":\"https:\\\/\\\/contabilidadecaxias.com.br\\\/index.php\\\/2022\\\/06\\\/14\\\/cmtu-promete-volta-dos-banheiros-quimicos-nas-feiras-livres\\\/#article\",\"isPartOf\":{\"@id\":\"https:\\\/\\\/contabilidadecaxias.com.br\\\/index.php\\\/2022\\\/06\\\/14\\\/cmtu-promete-volta-dos-banheiros-quimicos-nas-feiras-livres\\\/\"},\"author\":{\"name\":\"\",\"@id\":\"\"},\"headline\":\"CMTU promete volta dos banheiros qu\u00edmicos nas feiras livres\",\"datePublished\":\"2022-06-14T17:05:20+00:00\",\"mainEntityOfPage\":{\"@id\":\"https:\\\/\\\/contabilidadecaxias.com.br\\\/index.php\\\/2022\\\/06\\\/14\\\/cmtu-promete-volta-dos-banheiros-quimicos-nas-feiras-livres\\\/\"},\"wordCount\":515,\"commentCount\":0,\"image\":{\"@id\":\"https:\\\/\\\/contabilidadecaxias.com.br\\\/index.php\\\/2022\\\/06\\\/14\\\/cmtu-promete-volta-dos-banheiros-quimicos-nas-feiras-livres\\\/#primaryimage\"},\"thumbnailUrl\":\"https:\\\/\\\/contabilidadecaxias.com.br\\\/wp-content\\\/uploads\\\/2022\\\/06\\\/CMTU-promete-volta-dos-banheiros-quimicos-nas-feir0320684800202206141315-GbuSXg.jpeg\",\"articleSection\":[\"Empreendedorismo\"],\"inLanguage\":\"pt-BR\",\"potentialAction\":[{\"@type\":\"CommentAction\",\"name\":\"Comment\",\"target\":[\"https:\\\/\\\/contabilidadecaxias.com.br\\\/index.php\\\/2022\\\/06\\\/14\\\/cmtu-promete-volta-dos-banheiros-quimicos-nas-feiras-livres\\\/#respond\"]}]},{\"@type\":\"WebPage\",\"@id\":\"https:\\\/\\\/contabilidadecaxias.com.br\\\/index.php\\\/2022\\\/06\\\/14\\\/cmtu-promete-volta-dos-banheiros-quimicos-nas-feiras-livres\\\/\",\"url\":\"https:\\\/\\\/contabilidadecaxias.com.br\\\/index.php\\\/2022\\\/06\\\/14\\\/cmtu-promete-volta-dos-banheiros-quimicos-nas-feiras-livres\\\/\",\"name\":\"CMTU promete volta dos banheiros qu\u00edmicos nas feiras livres - Contabilidade Caxias\",\"isPartOf\":{\"@id\":\"https:\\\/\\\/contabilidadecaxias.com.br\\\/#website\"},\"primaryImageOfPage\":{\"@id\":\"https:\\\/\\\/contabilidadecaxias.com.br\\\/index.php\\\/2022\\\/06\\\/14\\\/cmtu-promete-volta-dos-banheiros-quimicos-nas-feiras-livres\\\/#primaryimage\"},\"image\":{\"@id\":\"https:\\\/\\\/contabilidadecaxias.com.br\\\/index.php\\\/2022\\\/06\\\/14\\\/cmtu-promete-volta-dos-banheiros-quimicos-nas-feiras-livres\\\/#primaryimage\"},\"thumbnailUrl\":\"https:\\\/\\\/contabilidadecaxias.com.br\\\/wp-content\\\/uploads\\\/2022\\\/06\\\/CMTU-promete-volta-dos-banheiros-quimicos-nas-feir0320684800202206141315-GbuSXg.jpeg\",\"datePublished\":\"2022-06-14T17:05:20+00:00\",\"author\":{\"@id\":\"\"},\"breadcrumb\":{\"@id\":\"https:\\\/\\\/contabilidadecaxias.com.br\\\/index.php\\\/2022\\\/06\\\/14\\\/cmtu-promete-volta-dos-banheiros-quimicos-nas-feiras-livres\\\/#breadcrumb\"},\"inLanguage\":\"pt-BR\",\"potentialAction\":[{\"@type\":\"ReadAction\",\"target\":[\"https:\\\/\\\/contabilidadecaxias.com.br\\\/index.php\\\/2022\\\/06\\\/14\\\/cmtu-promete-volta-dos-banheiros-quimicos-nas-feiras-livres\\\/\"]}]},{\"@type\":\"ImageObject\",\"inLanguage\":\"pt-BR\",\"@id\":\"https:\\\/\\\/contabilidadecaxias.com.br\\\/index.php\\\/2022\\\/06\\\/14\\\/cmtu-promete-volta-dos-banheiros-quimicos-nas-feiras-livres\\\/#primaryimage\",\"url\":\"https:\\\/\\\/contabilidadecaxias.com.br\\\/wp-content\\\/uploads\\\/2022\\\/06\\\/CMTU-promete-volta-dos-banheiros-quimicos-nas-feir0320684800202206141315-GbuSXg.jpeg\",\"contentUrl\":\"https:\\\/\\\/contabilidadecaxias.com.br\\\/wp-content\\\/uploads\\\/2022\\\/06\\\/CMTU-promete-volta-dos-banheiros-quimicos-nas-feir0320684800202206141315-GbuSXg.jpeg\",\"width\":840,\"height\":630},{\"@type\":\"BreadcrumbList\",\"@id\":\"https:\\\/\\\/contabilidadecaxias.com.br\\\/index.php\\\/2022\\\/06\\\/14\\\/cmtu-promete-volta-dos-banheiros-quimicos-nas-feiras-livres\\\/#breadcrumb\",\"itemListElement\":[{\"@type\":\"ListItem\",\"position\":1,\"name\":\"In\u00edcio\",\"item\":\"https:\\\/\\\/contabilidadecaxias.com.br\\\/\"},{\"@type\":\"ListItem\",\"position\":2,\"name\":\"CMTU promete volta dos banheiros qu\u00edmicos nas feiras livres\"}]},{\"@type\":\"WebSite\",\"@id\":\"https:\\\/\\\/contabilidadecaxias.com.br\\\/#website\",\"url\":\"https:\\\/\\\/contabilidadecaxias.com.br\\\/\",\"name\":\"Contabilidade Caxias\",\"description\":\"Site especializado em Contabilidade para Caxias.\",\"potentialAction\":[{\"@type\":\"SearchAction\",\"target\":{\"@type\":\"EntryPoint\",\"urlTemplate\":\"https:\\\/\\\/contabilidadecaxias.com.br\\\/?s={search_term_string}\"},\"query-input\":{\"@type\":\"PropertyValueSpecification\",\"valueRequired\":true,\"valueName\":\"search_term_string\"}}],\"inLanguage\":\"pt-BR\"}]}<\/script>\n<!-- \/ Yoast SEO plugin. -->","yoast_head_json":{"title":"CMTU promete volta dos banheiros qu\u00edmicos nas feiras livres - Contabilidade Caxias","robots":{"index":"index","follow":"follow","max-snippet":"max-snippet:-1","max-image-preview":"max-image-preview:large","max-video-preview":"max-video-preview:-1"},"canonical":"https:\/\/contabilidadecaxias.com.br\/index.php\/2022\/06\/14\/cmtu-promete-volta-dos-banheiros-quimicos-nas-feiras-livres\/","og_locale":"pt_BR","og_type":"article","og_title":"CMTU promete volta dos banheiros qu\u00edmicos nas feiras livres - Contabilidade Caxias","og_description":"Uma reuni\u00e3o no in\u00edcio desta semana com representantes dos feirantes, CMTU (Companhia Municipal de Tr\u00e2nsito e Urbaniza\u00e7\u00e3o) e Legislativo definiu que as feiras livres de Londrina voltar\u00e3o a contar com banheiros qu\u00edmicos. Uma lei municipal de 2012 autoriza o Executivo a disponibilizar sanit\u00e1rios nestes espa\u00e7os, entretanto, faz cerca de sete\u00a0anos que as feiras n\u00e3o contam [&hellip;]","og_url":"https:\/\/contabilidadecaxias.com.br\/index.php\/2022\/06\/14\/cmtu-promete-volta-dos-banheiros-quimicos-nas-feiras-livres\/","og_site_name":"Contabilidade Caxias","article_published_time":"2022-06-14T17:05:20+00:00","twitter_card":"summary_large_image","twitter_misc":{"Est. tempo de leitura":"3 minutos"},"schema":{"@context":"https:\/\/schema.org","@graph":[{"@type":"Article","@id":"https:\/\/contabilidadecaxias.com.br\/index.php\/2022\/06\/14\/cmtu-promete-volta-dos-banheiros-quimicos-nas-feiras-livres\/#article","isPartOf":{"@id":"https:\/\/contabilidadecaxias.com.br\/index.php\/2022\/06\/14\/cmtu-promete-volta-dos-banheiros-quimicos-nas-feiras-livres\/"},"author":{"name":"","@id":""},"headline":"CMTU promete volta dos banheiros qu\u00edmicos nas feiras livres","datePublished":"2022-06-14T17:05:20+00:00","mainEntityOfPage":{"@id":"https:\/\/contabilidadecaxias.com.br\/index.php\/2022\/06\/14\/cmtu-promete-volta-dos-banheiros-quimicos-nas-feiras-livres\/"},"wordCount":515,"commentCount":0,"image":{"@id":"https:\/\/contabilidadecaxias.com.br\/index.php\/2022\/06\/14\/cmtu-promete-volta-dos-banheiros-quimicos-nas-feiras-livres\/#primaryimage"},"thumbnailUrl":"https:\/\/contabilidadecaxias.com.br\/wp-content\/uploads\/2022\/06\/CMTU-promete-volta-dos-banheiros-quimicos-nas-feir0320684800202206141315-GbuSXg.jpeg","articleSection":["Empreendedorismo"],"inLanguage":"pt-BR","potentialAction":[{"@type":"CommentAction","name":"Comment","target":["https:\/\/contabilidadecaxias.com.br\/index.php\/2022\/06\/14\/cmtu-promete-volta-dos-banheiros-quimicos-nas-feiras-livres\/#respond"]}]},{"@type":"WebPage","@id":"https:\/\/contabilidadecaxias.com.br\/index.php\/2022\/06\/14\/cmtu-promete-volta-dos-banheiros-quimicos-nas-feiras-livres\/","url":"https:\/\/contabilidadecaxias.com.br\/index.php\/2022\/06\/14\/cmtu-promete-volta-dos-banheiros-quimicos-nas-feiras-livres\/","name":"CMTU promete volta dos banheiros qu\u00edmicos nas feiras livres - Contabilidade Caxias","isPartOf":{"@id":"https:\/\/contabilidadecaxias.com.br\/#website"},"primaryImageOfPage":{"@id":"https:\/\/contabilidadecaxias.com.br\/index.php\/2022\/06\/14\/cmtu-promete-volta-dos-banheiros-quimicos-nas-feiras-livres\/#primaryimage"},"image":{"@id":"https:\/\/contabilidadecaxias.com.br\/index.php\/2022\/06\/14\/cmtu-promete-volta-dos-banheiros-quimicos-nas-feiras-livres\/#primaryimage"},"thumbnailUrl":"https:\/\/contabilidadecaxias.com.br\/wp-content\/uploads\/2022\/06\/CMTU-promete-volta-dos-banheiros-quimicos-nas-feir0320684800202206141315-GbuSXg.jpeg","datePublished":"2022-06-14T17:05:20+00:00","author":{"@id":""},"breadcrumb":{"@id":"https:\/\/contabilidadecaxias.com.br\/index.php\/2022\/06\/14\/cmtu-promete-volta-dos-banheiros-quimicos-nas-feiras-livres\/#breadcrumb"},"inLanguage":"pt-BR","potentialAction":[{"@type":"ReadAction","target":["https:\/\/contabilidadecaxias.com.br\/index.php\/2022\/06\/14\/cmtu-promete-volta-dos-banheiros-quimicos-nas-feiras-livres\/"]}]},{"@type":"ImageObject","inLanguage":"pt-BR","@id":"https:\/\/contabilidadecaxias.com.br\/index.php\/2022\/06\/14\/cmtu-promete-volta-dos-banheiros-quimicos-nas-feiras-livres\/#primaryimage","url":"https:\/\/contabilidadecaxias.com.br\/wp-content\/uploads\/2022\/06\/CMTU-promete-volta-dos-banheiros-quimicos-nas-feir0320684800202206141315-GbuSXg.jpeg","contentUrl":"https:\/\/contabilidadecaxias.com.br\/wp-content\/uploads\/2022\/06\/CMTU-promete-volta-dos-banheiros-quimicos-nas-feir0320684800202206141315-GbuSXg.jpeg","width":840,"height":630},{"@type":"BreadcrumbList","@id":"https:\/\/contabilidadecaxias.com.br\/index.php\/2022\/06\/14\/cmtu-promete-volta-dos-banheiros-quimicos-nas-feiras-livres\/#breadcrumb","itemListElement":[{"@type":"ListItem","position":1,"name":"In\u00edcio","item":"https:\/\/contabilidadecaxias.com.br\/"},{"@type":"ListItem","position":2,"name":"CMTU promete volta dos banheiros qu\u00edmicos nas feiras livres"}]},{"@type":"WebSite","@id":"https:\/\/contabilidadecaxias.com.br\/#website","url":"https:\/\/contabilidadecaxias.com.br\/","name":"Contabilidade Caxias","description":"Site especializado em Contabilidade para Caxias.","potentialAction":[{"@type":"SearchAction","target":{"@type":"EntryPoint","urlTemplate":"https:\/\/contabilidadecaxias.com.br\/?s={search_term_string}"},"query-input":{"@type":"PropertyValueSpecification","valueRequired":true,"valueName":"search_term_string"}}],"inLanguage":"pt-BR"}]}},"_links":{"self":[{"href":"https:\/\/contabilidadecaxias.com.br\/index.php\/wp-json\/wp\/v2\/posts\/10843","targetHints":{"allow":["GET"]}}],"collection":[{"href":"https:\/\/contabilidadecaxias.com.br\/index.php\/wp-json\/wp\/v2\/posts"}],"about":[{"href":"https:\/\/contabilidadecaxias.com.br\/index.php\/wp-json\/wp\/v2\/types\/post"}],"replies":[{"embeddable":true,"href":"https:\/\/contabilidadecaxias.com.br\/index.php\/wp-json\/wp\/v2\/comments?post=10843"}],"version-history":[{"count":0,"href":"https:\/\/contabilidadecaxias.com.br\/index.php\/wp-json\/wp\/v2\/posts\/10843\/revisions"}],"wp:featuredmedia":[{"embeddable":true,"href":"https:\/\/contabilidadecaxias.com.br\/index.php\/wp-json\/wp\/v2\/media\/10844"}],"wp:attachment":[{"href":"https:\/\/contabilidadecaxias.com.br\/index.php\/wp-json\/wp\/v2\/media?parent=10843"}],"wp:term":[{"taxonomy":"category","embeddable":true,"href":"https:\/\/contabilidadecaxias.com.br\/index.php\/wp-json\/wp\/v2\/categories?post=10843"},{"taxonomy":"post_tag","embeddable":true,"href":"https:\/\/contabilidadecaxias.com.br\/index.php\/wp-json\/wp\/v2\/tags?post=10843"}],"curies":[{"name":"wp","href":"https:\/\/api.w.org\/{rel}","templated":true}]}}