{"id":1039,"date":"2022-02-17T14:20:41","date_gmt":"2022-02-17T17:20:41","guid":{"rendered":"https:\/\/contabilidadecaxias.com.br\/index.php\/2022\/02\/17\/em-ruptura-ben-stiller-retrata-a-era-do-burnout-em-que-vida-e-trabalho-colidem\/"},"modified":"2022-02-17T14:20:41","modified_gmt":"2022-02-17T17:20:41","slug":"em-ruptura-ben-stiller-retrata-a-era-do-burnout-em-que-vida-e-trabalho-colidem","status":"publish","type":"post","link":"https:\/\/contabilidadecaxias.com.br\/index.php\/2022\/02\/17\/em-ruptura-ben-stiller-retrata-a-era-do-burnout-em-que-vida-e-trabalho-colidem\/","title":{"rendered":"Em &#8216;Ruptura&#8217;, Ben Stiller retrata a era do burnout, em que vida e trabalho colidem"},"content":{"rendered":"<p>S\u00c3O PAULO, SP (FOLHAPRESS) &#8211; Imagine se voc\u00ea pudesse separar completamente a sua vida pessoal do trabalho -e nunca mais ter de se preocupar com a entrega de algum relat\u00f3rio enquanto v\u00ea TV em casa ou ent\u00e3o com algum problema amoroso enquanto est\u00e1 no escrit\u00f3rio. Parece o mundo dos sonhos, embora a nova s\u00e9rie &#8220;Ruptura&#8221; tente provar que o arranjo est\u00e1 longe de ser ben\u00e9fico.<\/p>\n<p>Produzida e dirigida por Ben Stiller para o Apple TV+, a trama que estreia agora acompanha o dia a dia na Lumen Industries, uma empresa gigantesca que cria uma tecnologia capaz de ligar ou desligar as partes do c\u00e9rebro relacionadas ao trabalho e ao lazer.<\/p>\n<p>Tudo gra\u00e7as a um procedimento cir\u00fargico ao qual novos funcion\u00e1rios s\u00e3o submetidos. Quando eles chegam para trabalhar, todas as mem\u00f3rias n\u00e3o relacionadas \u00e0 labuta s\u00e3o comprimidas e \u00e9 como se a pessoa em quest\u00e3o criasse uma nova personalidade, sem ter lembran\u00e7as de sua fam\u00edlia, por exemplo. Quando sai, ela tampouco reconhece os colegas de trabalho na rua.<\/p>\n<p>A discuss\u00e3o sobre a separa\u00e7\u00e3o entre vida pessoal e trabalho feita por &#8220;Ruptura&#8221; parece especialmente atual na ressaca pand\u00eamica, j\u00e1 que a Covid-19 foi respons\u00e1vel por bagun\u00e7ar as fronteiras entre as duas coisas, com gente trabalhando de casa por meses e reuni\u00f5es por v\u00eddeo sendo interrompidas por emerg\u00eancias dom\u00e9sticas -tipo de problema do qual nem celebridades como Stiller escaparam.<\/p>\n<p>&#8220;A maneira como a nossa vida se transformou no per\u00edodo em que passamos desenvolvendo a s\u00e9rie mudou completamente a nossa rela\u00e7\u00e3o com o trabalho, agora mais misturado \u00e0 nossa vida pessoal&#8221;, afirma o produtor e diretor de &#8220;Ruptura&#8221;, emendando que cerca de 80% da montagem da s\u00e9rie foi feita remotamente.<\/p>\n<p>&#8220;Eu colocava meu filho na cama, ligava para o meu editor e n\u00f3s combin\u00e1vamos que trabalhar\u00edamos por cerca de uma hora, uma hora e meia, montando os epis\u00f3dios. O fato de estarmos trabalhando e de repente nos virarmos para falar com a nossa fam\u00edlia pode ser esquizofr\u00eanico \u00e0s vezes. \u00c9 como se viv\u00eassemos duas realidades, com uma tentando se sobrepor \u00e0 outra. \u00c9 estranho, todos n\u00f3s tivemos que aprender a organizar nossas vidas de uma maneira nova.&#8221;<\/p>\n<p>&#8220;Ruptura&#8221; traz esses e outros questionamos ao acompanhar Mark, personagem de Adam Scott, que perdeu a mulher h\u00e1 pouco e decidiu se juntar \u00e0 Lumen para poder escapar do luto por algumas horas di\u00e1rias. Quando o chefe de seu departamento \u00e9 misteriosamente desligado da empresa, ele precisa treinar uma novata, que, depois de passar pelo procedimento cerebral, cria uma persona que quer, a todo custo, escapar do novo emprego.<\/p>\n<p>O que se segue \u00e9 uma s\u00e9rie de debates sobre a \u00e9tica da &#8220;ruptura&#8221; -defendida por alguns personagens e abominada por v\u00e1rios outros, que alegam que ambi\u00e7\u00f5es capitalistas est\u00e3o tomando posse da mente das pessoas- e tamb\u00e9m sobre a import\u00e2ncia das nossas lembran\u00e7as, boas ou traum\u00e1ticas, como a maioria das de Mark, na constru\u00e7\u00e3o de quem n\u00f3s somos.<\/p>\n<p>&#8220;Como toda boa fic\u00e7\u00e3o cient\u00edfica, &#8216;Ruptura&#8217; \u00e9 um reflexo de onde n\u00f3s estamos agora enquanto sociedade e tamb\u00e9m nos permite dar uma olhadinha no futuro que talvez nos aguarda&#8221;, diz Scott, que j\u00e1 frequentou escrit\u00f3rios na s\u00e9rie &#8220;Parks &amp; Recreation&#8221;. &#8220;A &#8216;ruptura&#8217; apresenta uma poss\u00edvel solu\u00e7\u00e3o para o burnout e outros dilemas trabalhistas que enfrentamos na vida real, mas leva isso para um n\u00edvel muito al\u00e9m.&#8221;<\/p>\n<p>&#8220;Ruptura&#8221;, no entanto, n\u00e3o se relaciona com a realidade s\u00f3 por questionar a delicada balan\u00e7a sobre a qual vida pessoal e trabalho se equilibram.<\/p>\n<p>Com a Lumen Industries, que tem personagens vividos por Patricia Arquette, Christopher Walken e John Turturro entre seus recrutas, a s\u00e9rie tra\u00e7a tamb\u00e9m um paralelo com o mundo das megacorpora\u00e7\u00f5es, que controlam diversos aspectos das nossas vidas usando tecnologias inovadoras e um farto leque de atua\u00e7\u00e3o -a pr\u00f3pria Apple, nem \u00e9 preciso lembrar, tem um dom\u00ednio que vai muito al\u00e9m das fronteiras do streaming e do entretenimento.<\/p>\n<p>Adam Scott lembra Elon Musk como um personagem que poderia muito bem ter sa\u00eddo das trincheiras da Lumen. Com uma fortuna constru\u00edda gra\u00e7as a investimentos que v\u00e3o de carros ao turismo espacial, o bilion\u00e1rio trabalha agora num chip cerebral que, a princ\u00edpio, teria fun\u00e7\u00f5es m\u00e9dicas -nem por isso o ator deixa de classificar o projeto de &#8220;assustador, bizarro e inquietante&#8221;.<\/p>\n<p>&#8220;Mas h\u00e1 v\u00e1rias coisas que a princ\u00edpio nos causam estranheza. Se, quando era adolescente, algu\u00e9m me dissesse que eu teria um dispositivo no meu bolso capaz de acessar todo o cat\u00e1logo de filmes do mundo ou todas as m\u00fasicas dos Beatles, eu n\u00e3o acreditaria, diria que \u00e9 pura fic\u00e7\u00e3o cient\u00edfica. Ent\u00e3o talvez n\u00e3o estejamos t\u00e3o longe de bifurcar o nosso c\u00e9rebro.&#8221;<\/p>\n<p>Com nove epis\u00f3dios e uma poss\u00edvel segunda temporada no horizonte, &#8220;Ruptura&#8221; \u00e9 mais uma trama produzida ou dirigida por Ben Stiller, mas na qual ele n\u00e3o atua. N\u00e3o h\u00e1 nem mesmo uma participa\u00e7\u00e3o especial. O americano tem investido intensamente em sua carreira nos bastidores nos \u00faltimos anos, trabalhando em hist\u00f3rias t\u00e3o d\u00edspares quanto a miniss\u00e9rie &#8220;Escape at Dannemora&#8221;, indicada a 12 pr\u00eamios Emmy, e o filme &#8220;Alex Strangelove&#8221;, um romance adolescente bobinho.<\/p>\n<p>&#8220;Eu n\u00e3o quis atuar em &#8216;Ruptura&#8217; porque, na verdade, eu n\u00e3o tenho feito isso h\u00e1 um tempo, atuar e dirigir. Eu gosto de n\u00e3o ter que fazer as duas coisas e aproveitar o tempo numa \u00fanica fun\u00e7\u00e3o&#8221;, diz ele. E n\u00e3o adianta criar uma tecnologia capaz de separar o Ben Stiller ator do Ben Stiller produtor-diretor -se a &#8220;ruptura&#8221; existisse, ele deixa bem claro que n\u00e3o gostaria de se voluntariar para o procedimento.<\/p>\n<p>RUPTURA<\/p>\n<p>Quando: Estreia nesta sexta (18), no Apple TV+<\/p>\n<p>Elenco: Adam Scott, Patricia Arquette e Christopher Walken<\/p>\n<p>Produ\u00e7\u00e3o: EUA, 2022<\/p>\n<p>Cria\u00e7\u00e3o: Dan Erickson<\/p>","protected":false},"excerpt":{"rendered":"<p>S\u00c3O PAULO, SP (FOLHAPRESS) &#8211; Imagine se voc\u00ea pudesse separar completamente a sua vida pessoal do trabalho -e nunca mais ter de se preocupar com a entrega de algum relat\u00f3rio enquanto v\u00ea TV em casa ou ent\u00e3o com algum problema amoroso enquanto est\u00e1 no escrit\u00f3rio. Parece o mundo dos sonhos, embora a nova s\u00e9rie &#8220;Ruptura&#8221; [&hellip;]<\/p>\n","protected":false},"author":0,"featured_media":0,"comment_status":"open","ping_status":"open","sticky":false,"template":"","format":"standard","meta":{"footnotes":""},"categories":[4],"tags":[],"class_list":["post-1039","post","type-post","status-publish","format-standard","hentry","category-noticias-empreendedorismo"],"blocksy_meta":{"styles_descriptor":{"styles":{"desktop":"","tablet":"","mobile":""},"google_fonts":[],"version":6}},"yoast_head":"<!-- This site is optimized with the Yoast SEO plugin v27.4 - https:\/\/yoast.com\/product\/yoast-seo-wordpress\/ -->\n<title>Em &#039;Ruptura&#039;, Ben Stiller retrata a era do burnout, em que vida e trabalho colidem - Contabilidade Caxias<\/title>\n<meta name=\"robots\" content=\"index, follow, max-snippet:-1, max-image-preview:large, max-video-preview:-1\" \/>\n<link rel=\"canonical\" href=\"https:\/\/contabilidadecaxias.com.br\/index.php\/2022\/02\/17\/em-ruptura-ben-stiller-retrata-a-era-do-burnout-em-que-vida-e-trabalho-colidem\/\" \/>\n<meta property=\"og:locale\" content=\"pt_BR\" \/>\n<meta property=\"og:type\" content=\"article\" \/>\n<meta property=\"og:title\" content=\"Em &#039;Ruptura&#039;, Ben Stiller retrata a era do burnout, em que vida e trabalho colidem - Contabilidade Caxias\" \/>\n<meta property=\"og:description\" content=\"S\u00c3O PAULO, SP (FOLHAPRESS) &#8211; Imagine se voc\u00ea pudesse separar completamente a sua vida pessoal do trabalho -e nunca mais ter de se preocupar com a entrega de algum relat\u00f3rio enquanto v\u00ea TV em casa ou ent\u00e3o com algum problema amoroso enquanto est\u00e1 no escrit\u00f3rio. Parece o mundo dos sonhos, embora a nova s\u00e9rie &#8220;Ruptura&#8221; [&hellip;]\" \/>\n<meta property=\"og:url\" content=\"https:\/\/contabilidadecaxias.com.br\/index.php\/2022\/02\/17\/em-ruptura-ben-stiller-retrata-a-era-do-burnout-em-que-vida-e-trabalho-colidem\/\" \/>\n<meta property=\"og:site_name\" content=\"Contabilidade Caxias\" \/>\n<meta property=\"article:published_time\" content=\"2022-02-17T17:20:41+00:00\" \/>\n<meta name=\"twitter:card\" content=\"summary_large_image\" \/>\n<meta name=\"twitter:label1\" content=\"Est. tempo de leitura\" \/>\n\t<meta name=\"twitter:data1\" content=\"5 minutos\" \/>\n<script type=\"application\/ld+json\" class=\"yoast-schema-graph\">{\"@context\":\"https:\\\/\\\/schema.org\",\"@graph\":[{\"@type\":\"Article\",\"@id\":\"https:\\\/\\\/contabilidadecaxias.com.br\\\/index.php\\\/2022\\\/02\\\/17\\\/em-ruptura-ben-stiller-retrata-a-era-do-burnout-em-que-vida-e-trabalho-colidem\\\/#article\",\"isPartOf\":{\"@id\":\"https:\\\/\\\/contabilidadecaxias.com.br\\\/index.php\\\/2022\\\/02\\\/17\\\/em-ruptura-ben-stiller-retrata-a-era-do-burnout-em-que-vida-e-trabalho-colidem\\\/\"},\"author\":{\"name\":\"\",\"@id\":\"\"},\"headline\":\"Em &#8216;Ruptura&#8217;, Ben Stiller retrata a era do burnout, em que vida e trabalho colidem\",\"datePublished\":\"2022-02-17T17:20:41+00:00\",\"mainEntityOfPage\":{\"@id\":\"https:\\\/\\\/contabilidadecaxias.com.br\\\/index.php\\\/2022\\\/02\\\/17\\\/em-ruptura-ben-stiller-retrata-a-era-do-burnout-em-que-vida-e-trabalho-colidem\\\/\"},\"wordCount\":1031,\"commentCount\":0,\"articleSection\":[\"Empreendedorismo\"],\"inLanguage\":\"pt-BR\",\"potentialAction\":[{\"@type\":\"CommentAction\",\"name\":\"Comment\",\"target\":[\"https:\\\/\\\/contabilidadecaxias.com.br\\\/index.php\\\/2022\\\/02\\\/17\\\/em-ruptura-ben-stiller-retrata-a-era-do-burnout-em-que-vida-e-trabalho-colidem\\\/#respond\"]}]},{\"@type\":\"WebPage\",\"@id\":\"https:\\\/\\\/contabilidadecaxias.com.br\\\/index.php\\\/2022\\\/02\\\/17\\\/em-ruptura-ben-stiller-retrata-a-era-do-burnout-em-que-vida-e-trabalho-colidem\\\/\",\"url\":\"https:\\\/\\\/contabilidadecaxias.com.br\\\/index.php\\\/2022\\\/02\\\/17\\\/em-ruptura-ben-stiller-retrata-a-era-do-burnout-em-que-vida-e-trabalho-colidem\\\/\",\"name\":\"Em 'Ruptura', Ben Stiller retrata a era do burnout, em que vida e trabalho colidem - Contabilidade Caxias\",\"isPartOf\":{\"@id\":\"https:\\\/\\\/contabilidadecaxias.com.br\\\/#website\"},\"datePublished\":\"2022-02-17T17:20:41+00:00\",\"author\":{\"@id\":\"\"},\"breadcrumb\":{\"@id\":\"https:\\\/\\\/contabilidadecaxias.com.br\\\/index.php\\\/2022\\\/02\\\/17\\\/em-ruptura-ben-stiller-retrata-a-era-do-burnout-em-que-vida-e-trabalho-colidem\\\/#breadcrumb\"},\"inLanguage\":\"pt-BR\",\"potentialAction\":[{\"@type\":\"ReadAction\",\"target\":[\"https:\\\/\\\/contabilidadecaxias.com.br\\\/index.php\\\/2022\\\/02\\\/17\\\/em-ruptura-ben-stiller-retrata-a-era-do-burnout-em-que-vida-e-trabalho-colidem\\\/\"]}]},{\"@type\":\"BreadcrumbList\",\"@id\":\"https:\\\/\\\/contabilidadecaxias.com.br\\\/index.php\\\/2022\\\/02\\\/17\\\/em-ruptura-ben-stiller-retrata-a-era-do-burnout-em-que-vida-e-trabalho-colidem\\\/#breadcrumb\",\"itemListElement\":[{\"@type\":\"ListItem\",\"position\":1,\"name\":\"In\u00edcio\",\"item\":\"https:\\\/\\\/contabilidadecaxias.com.br\\\/\"},{\"@type\":\"ListItem\",\"position\":2,\"name\":\"Em &#8216;Ruptura&#8217;, Ben Stiller retrata a era do burnout, em que vida e trabalho colidem\"}]},{\"@type\":\"WebSite\",\"@id\":\"https:\\\/\\\/contabilidadecaxias.com.br\\\/#website\",\"url\":\"https:\\\/\\\/contabilidadecaxias.com.br\\\/\",\"name\":\"Contabilidade Caxias\",\"description\":\"Site especializado em Contabilidade para Caxias.\",\"potentialAction\":[{\"@type\":\"SearchAction\",\"target\":{\"@type\":\"EntryPoint\",\"urlTemplate\":\"https:\\\/\\\/contabilidadecaxias.com.br\\\/?s={search_term_string}\"},\"query-input\":{\"@type\":\"PropertyValueSpecification\",\"valueRequired\":true,\"valueName\":\"search_term_string\"}}],\"inLanguage\":\"pt-BR\"}]}<\/script>\n<!-- \/ Yoast SEO plugin. -->","yoast_head_json":{"title":"Em 'Ruptura', Ben Stiller retrata a era do burnout, em que vida e trabalho colidem - Contabilidade Caxias","robots":{"index":"index","follow":"follow","max-snippet":"max-snippet:-1","max-image-preview":"max-image-preview:large","max-video-preview":"max-video-preview:-1"},"canonical":"https:\/\/contabilidadecaxias.com.br\/index.php\/2022\/02\/17\/em-ruptura-ben-stiller-retrata-a-era-do-burnout-em-que-vida-e-trabalho-colidem\/","og_locale":"pt_BR","og_type":"article","og_title":"Em 'Ruptura', Ben Stiller retrata a era do burnout, em que vida e trabalho colidem - Contabilidade Caxias","og_description":"S\u00c3O PAULO, SP (FOLHAPRESS) &#8211; Imagine se voc\u00ea pudesse separar completamente a sua vida pessoal do trabalho -e nunca mais ter de se preocupar com a entrega de algum relat\u00f3rio enquanto v\u00ea TV em casa ou ent\u00e3o com algum problema amoroso enquanto est\u00e1 no escrit\u00f3rio. Parece o mundo dos sonhos, embora a nova s\u00e9rie &#8220;Ruptura&#8221; [&hellip;]","og_url":"https:\/\/contabilidadecaxias.com.br\/index.php\/2022\/02\/17\/em-ruptura-ben-stiller-retrata-a-era-do-burnout-em-que-vida-e-trabalho-colidem\/","og_site_name":"Contabilidade Caxias","article_published_time":"2022-02-17T17:20:41+00:00","twitter_card":"summary_large_image","twitter_misc":{"Est. tempo de leitura":"5 minutos"},"schema":{"@context":"https:\/\/schema.org","@graph":[{"@type":"Article","@id":"https:\/\/contabilidadecaxias.com.br\/index.php\/2022\/02\/17\/em-ruptura-ben-stiller-retrata-a-era-do-burnout-em-que-vida-e-trabalho-colidem\/#article","isPartOf":{"@id":"https:\/\/contabilidadecaxias.com.br\/index.php\/2022\/02\/17\/em-ruptura-ben-stiller-retrata-a-era-do-burnout-em-que-vida-e-trabalho-colidem\/"},"author":{"name":"","@id":""},"headline":"Em &#8216;Ruptura&#8217;, Ben Stiller retrata a era do burnout, em que vida e trabalho colidem","datePublished":"2022-02-17T17:20:41+00:00","mainEntityOfPage":{"@id":"https:\/\/contabilidadecaxias.com.br\/index.php\/2022\/02\/17\/em-ruptura-ben-stiller-retrata-a-era-do-burnout-em-que-vida-e-trabalho-colidem\/"},"wordCount":1031,"commentCount":0,"articleSection":["Empreendedorismo"],"inLanguage":"pt-BR","potentialAction":[{"@type":"CommentAction","name":"Comment","target":["https:\/\/contabilidadecaxias.com.br\/index.php\/2022\/02\/17\/em-ruptura-ben-stiller-retrata-a-era-do-burnout-em-que-vida-e-trabalho-colidem\/#respond"]}]},{"@type":"WebPage","@id":"https:\/\/contabilidadecaxias.com.br\/index.php\/2022\/02\/17\/em-ruptura-ben-stiller-retrata-a-era-do-burnout-em-que-vida-e-trabalho-colidem\/","url":"https:\/\/contabilidadecaxias.com.br\/index.php\/2022\/02\/17\/em-ruptura-ben-stiller-retrata-a-era-do-burnout-em-que-vida-e-trabalho-colidem\/","name":"Em 'Ruptura', Ben Stiller retrata a era do burnout, em que vida e trabalho colidem - Contabilidade Caxias","isPartOf":{"@id":"https:\/\/contabilidadecaxias.com.br\/#website"},"datePublished":"2022-02-17T17:20:41+00:00","author":{"@id":""},"breadcrumb":{"@id":"https:\/\/contabilidadecaxias.com.br\/index.php\/2022\/02\/17\/em-ruptura-ben-stiller-retrata-a-era-do-burnout-em-que-vida-e-trabalho-colidem\/#breadcrumb"},"inLanguage":"pt-BR","potentialAction":[{"@type":"ReadAction","target":["https:\/\/contabilidadecaxias.com.br\/index.php\/2022\/02\/17\/em-ruptura-ben-stiller-retrata-a-era-do-burnout-em-que-vida-e-trabalho-colidem\/"]}]},{"@type":"BreadcrumbList","@id":"https:\/\/contabilidadecaxias.com.br\/index.php\/2022\/02\/17\/em-ruptura-ben-stiller-retrata-a-era-do-burnout-em-que-vida-e-trabalho-colidem\/#breadcrumb","itemListElement":[{"@type":"ListItem","position":1,"name":"In\u00edcio","item":"https:\/\/contabilidadecaxias.com.br\/"},{"@type":"ListItem","position":2,"name":"Em &#8216;Ruptura&#8217;, Ben Stiller retrata a era do burnout, em que vida e trabalho colidem"}]},{"@type":"WebSite","@id":"https:\/\/contabilidadecaxias.com.br\/#website","url":"https:\/\/contabilidadecaxias.com.br\/","name":"Contabilidade Caxias","description":"Site especializado em Contabilidade para Caxias.","potentialAction":[{"@type":"SearchAction","target":{"@type":"EntryPoint","urlTemplate":"https:\/\/contabilidadecaxias.com.br\/?s={search_term_string}"},"query-input":{"@type":"PropertyValueSpecification","valueRequired":true,"valueName":"search_term_string"}}],"inLanguage":"pt-BR"}]}},"_links":{"self":[{"href":"https:\/\/contabilidadecaxias.com.br\/index.php\/wp-json\/wp\/v2\/posts\/1039","targetHints":{"allow":["GET"]}}],"collection":[{"href":"https:\/\/contabilidadecaxias.com.br\/index.php\/wp-json\/wp\/v2\/posts"}],"about":[{"href":"https:\/\/contabilidadecaxias.com.br\/index.php\/wp-json\/wp\/v2\/types\/post"}],"replies":[{"embeddable":true,"href":"https:\/\/contabilidadecaxias.com.br\/index.php\/wp-json\/wp\/v2\/comments?post=1039"}],"version-history":[{"count":0,"href":"https:\/\/contabilidadecaxias.com.br\/index.php\/wp-json\/wp\/v2\/posts\/1039\/revisions"}],"wp:attachment":[{"href":"https:\/\/contabilidadecaxias.com.br\/index.php\/wp-json\/wp\/v2\/media?parent=1039"}],"wp:term":[{"taxonomy":"category","embeddable":true,"href":"https:\/\/contabilidadecaxias.com.br\/index.php\/wp-json\/wp\/v2\/categories?post=1039"},{"taxonomy":"post_tag","embeddable":true,"href":"https:\/\/contabilidadecaxias.com.br\/index.php\/wp-json\/wp\/v2\/tags?post=1039"}],"curies":[{"name":"wp","href":"https:\/\/api.w.org\/{rel}","templated":true}]}}